{"id":3611,"date":"2022-05-11T07:35:12","date_gmt":"2022-05-11T05:35:12","guid":{"rendered":"https:\/\/www.comlandes.fr\/?p=3611"},"modified":"2022-05-11T07:35:12","modified_gmt":"2022-05-11T05:35:12","slug":"qui-realisera-la-plus-belle-photo-cette-saison","status":"publish","type":"post","link":"https:\/\/comlandes.fr\/fr_fr\/qui-realisera-la-plus-belle-photo-cette-saison\/","title":{"rendered":"Qui r\u00e9alisera la plus belle photo cette saison"},"content":{"rendered":"\n<h1 class=\"wp-block-heading\"><strong>Qui r\u00e9alisera la plus belle photo cette saison ?<\/strong><\/h1>\n\n\n\n<p>Organiser ses vacances \u00e0 Moliets, dans les Landes, c\u2019est s\u2019offrir un s\u00e9jour unique dans un cadre idyllique entre oc\u00e9an et espaces de verdure. Pour que vos vacances soient parfaites, Com\u2019Landes vous propose toutes sortes d\u2019activit\u00e9s et d\u2019animations. Parmi elles, vous avez les concours photo de Com\u2019Landes qui vous invitent \u00e0 mettre en avant votre sens artistique.&nbsp;<\/p>\n\n\n\n<h2 class=\"wp-block-heading\"><strong>Moliets, des cadres parfaits pour r\u00e9ussir ses photos<\/strong><\/h2>\n\n\n\n<p>Moliets est une ville attractive o\u00f9 vous pouvez appr\u00e9cier pleinement la nature. Pour vos vacances, n\u2019oubliez pas votre appareil photo. Les spots o\u00f9 r\u00e9aliser la photo parfaite immortalisant la beaut\u00e9 des Landes ne manquent pas sur les lieux. D\u2019ailleurs, Com\u2019Landes organise de nombreuses activit\u00e9s et animations autour de la photo, mais cet \u00e9t\u00e9, les concours photo organis\u00e9s par l\u2019association sur le th\u00e8me du coucher du soleil seront \u00e0 l\u2019honneur. Vous pouvez consulter le programme directement sur le site de l\u2019association pour avoir plus de d\u00e9tails.&nbsp;<\/p>\n\n\n\n<p>Pour r\u00e9ussir vos photos, vous avez par exemple l\u2019\u00e9tang de Moliets. Avec son environnement calme et le cadre bois\u00e9 et verdoyant qui se trouve autour, vous pouvez r\u00e9aliser de magnifiques photos sur la nature, les espaces verts et surtout le coucher du soleil.&nbsp;<\/p>\n\n\n\n<p>Vous avez aussi ses plages et l\u2019oc\u00e9an Atlantique comme fond pour des clich\u00e9s uniques, immortalisant la fin de la journ\u00e9e. Les dunes, l\u2019espace verdoyant des parcours de golf, mais aussi le cadre naturel qu\u2019offre le courant d\u2019Huchet peuvent \u00e9galement donner vie \u00e0 chacune de vos productions.&nbsp;<\/p>\n\n\n\n<h2 class=\"wp-block-heading\"><strong>Comment \u00e0 ce concours organis\u00e9 par Com\u2019landes&nbsp;?<\/strong><\/h2>\n\n\n\n<p>Com\u2019landes pr\u00e9voit divers animations et concours dans diff\u00e9rentes villes des Landes pour vous faire appr\u00e9cier la beaut\u00e9 landaise. Si vous aimez prendre des photos et immortaliser vos souvenirs de vacances, n\u2019h\u00e9sitez pas \u00e0 participer aux concours photo qu\u2019elle organise cet \u00e9t\u00e9.&nbsp;<\/p>\n\n\n\n<p>Il faut noter que les concours photo organis\u00e9s par l\u2019association Com\u2019landes concernent seulement les clich\u00e9s pris dans la commune de Moliets. Pour avoir des informations sur le d\u00e9roulement du concours et les r\u00e8gles, vous pouvez vous renseigner sur le programme et le planning directement sur le site de l\u2019association. Vous pouvez aussi t\u00e9l\u00e9charger le programme complet si vous passez devant un panneau d\u2019affichage Com\u2019landes avec un QR code ou en demandant directement \u00e0 l\u2019office du tourisme.&nbsp;<\/p>\n\n\n\n<p>L\u2019objectif de ce jeu-concours c\u2019est de vous faire garder des souvenirs uniques et inoubliables de Moliets. Cependant, vous devez pr\u00e9senter une photo qui est bien expressive et qui montre la beaut\u00e9 de la ville et ses sp\u00e9cificit\u00e9s. On prendra en compte l\u2019angle \u00e0 laquelle vous avez pris la photo, mais aussi l\u2019\u00e9motion qui s\u2019en d\u00e9gage. La photo est en effet destin\u00e9e \u00e0 \u00eatre partag\u00e9e avec les autres et on doit percevoir \u00e0 travers votre clich\u00e9, les personnes \u00e0 qui vous souhaitez la partager. La photo doit mettre en valeur un cadre qui est sp\u00e9cifique \u00e0 la ville de Moliets et qui fait sa particularit\u00e9.&nbsp;<\/p>\n\n\n\n<p>Pour pouvoir gagner \u00e0 ce concours, la photo qui aura le plus de votes avec le tag #Com\u2019landes sera d\u00e9sign\u00e9 comme grand vainqueur. Avec son partenaire, l\u2019association pr\u00e9voit remettre au photographe un lot sp\u00e9cial.&nbsp;<\/p>\n","protected":false},"excerpt":{"rendered":"<p>Qui r\u00e9alisera la plus belle photo cette saison ? Organiser ses vacances \u00e0 Moliets, dans les Landes, c\u2019est s\u2019offrir un s\u00e9jour unique dans un cadre idyllique entre oc\u00e9an et espaces de verdure. Pour que vos vacances soient parfaites, Com\u2019Landes vous propose toutes sortes d\u2019activit\u00e9s et d\u2019animations. Parmi elles, vous avez les concours photo de Com\u2019Landes [&hellip;]<\/p>\n","protected":false},"author":1,"featured_media":3612,"comment_status":"open","ping_status":"open","sticky":false,"template":"","format":"standard","meta":{"_et_pb_use_builder":"","_et_pb_old_content":"","_et_gb_content_width":"","footnotes":""},"categories":[75],"tags":[],"class_list":["post-3611","post","type-post","status-publish","format-standard","has-post-thumbnail","hentry","category-comlandes-au-quotidien"],"yoast_head":"<!-- This site is optimized with the Yoast SEO plugin v25.4 - https:\/\/yoast.com\/wordpress\/plugins\/seo\/ -->\n<title>Qui r\u00e9alisera la plus belle photo cette saison - Com&#039;Landes<\/title>\n<meta name=\"robots\" content=\"index, follow, max-snippet:-1, max-image-preview:large, max-video-preview:-1\" \/>\n<link rel=\"canonical\" href=\"https:\/\/comlandes.fr\/fr_fr\/qui-realisera-la-plus-belle-photo-cette-saison\/\" \/>\n<meta property=\"og:locale\" content=\"fr_FR\" \/>\n<meta property=\"og:type\" content=\"article\" \/>\n<meta property=\"og:title\" content=\"Qui r\u00e9alisera la plus belle photo cette saison - Com&#039;Landes\" \/>\n<meta property=\"og:description\" content=\"Qui r\u00e9alisera la plus belle photo cette saison ? Organiser ses vacances \u00e0 Moliets, dans les Landes, c\u2019est s\u2019offrir un s\u00e9jour unique dans un cadre idyllique entre oc\u00e9an et espaces de verdure. Pour que vos vacances soient parfaites, Com\u2019Landes vous propose toutes sortes d\u2019activit\u00e9s et d\u2019animations. Parmi elles, vous avez les concours photo de Com\u2019Landes [&hellip;]\" \/>\n<meta property=\"og:url\" content=\"https:\/\/comlandes.fr\/fr_fr\/qui-realisera-la-plus-belle-photo-cette-saison\/\" \/>\n<meta property=\"og:site_name\" content=\"Com&#039;Landes\" \/>\n<meta property=\"article:publisher\" content=\"https:\/\/web.facebook.com\/ComLandes?_rdc=1&amp;_rdr\" \/>\n<meta property=\"article:published_time\" content=\"2022-05-11T05:35:12+00:00\" \/>\n<meta property=\"og:image\" content=\"https:\/\/comlandes.fr\/wp-content\/uploads\/2022\/05\/concours-photos.jpg\" \/>\n\t<meta property=\"og:image:width\" content=\"1280\" \/>\n\t<meta property=\"og:image:height\" content=\"854\" \/>\n\t<meta property=\"og:image:type\" content=\"image\/jpeg\" \/>\n<meta name=\"author\" content=\"radodev\" \/>\n<meta name=\"twitter:card\" content=\"summary_large_image\" \/>\n<meta name=\"twitter:label1\" content=\"\u00c9crit par\" \/>\n\t<meta name=\"twitter:data1\" content=\"radodev\" \/>\n\t<meta name=\"twitter:label2\" content=\"Dur\u00e9e de lecture estim\u00e9e\" \/>\n\t<meta name=\"twitter:data2\" content=\"3 minutes\" \/>\n<script type=\"application\/ld+json\" class=\"yoast-schema-graph\">{\"@context\":\"https:\/\/schema.org\",\"@graph\":[{\"@type\":\"Article\",\"@id\":\"https:\/\/comlandes.fr\/qui-realisera-la-plus-belle-photo-cette-saison\/#article\",\"isPartOf\":{\"@id\":\"https:\/\/comlandes.fr\/qui-realisera-la-plus-belle-photo-cette-saison\/\"},\"author\":{\"name\":\"radodev\",\"@id\":\"https:\/\/comlandes.fr\/fr_fr\/#\/schema\/person\/d07b54c4dbc4cf35d59c7f0e888074c4\"},\"headline\":\"Qui r\u00e9alisera la plus belle photo cette saison\",\"datePublished\":\"2022-05-11T05:35:12+00:00\",\"mainEntityOfPage\":{\"@id\":\"https:\/\/comlandes.fr\/qui-realisera-la-plus-belle-photo-cette-saison\/\"},\"wordCount\":583,\"commentCount\":0,\"publisher\":{\"@id\":\"https:\/\/comlandes.fr\/fr_fr\/#organization\"},\"image\":{\"@id\":\"https:\/\/comlandes.fr\/qui-realisera-la-plus-belle-photo-cette-saison\/#primaryimage\"},\"thumbnailUrl\":\"https:\/\/comlandes.fr\/wp-content\/uploads\/2022\/05\/concours-photos.jpg\",\"articleSection\":[\"Com'Landes au quotidien\"],\"inLanguage\":\"fr-FR\",\"potentialAction\":[{\"@type\":\"CommentAction\",\"name\":\"Comment\",\"target\":[\"https:\/\/comlandes.fr\/qui-realisera-la-plus-belle-photo-cette-saison\/#respond\"]}]},{\"@type\":\"WebPage\",\"@id\":\"https:\/\/comlandes.fr\/qui-realisera-la-plus-belle-photo-cette-saison\/\",\"url\":\"https:\/\/comlandes.fr\/qui-realisera-la-plus-belle-photo-cette-saison\/\",\"name\":\"Qui r\u00e9alisera la plus belle photo cette saison - Com&#039;Landes\",\"isPartOf\":{\"@id\":\"https:\/\/comlandes.fr\/fr_fr\/#website\"},\"primaryImageOfPage\":{\"@id\":\"https:\/\/comlandes.fr\/qui-realisera-la-plus-belle-photo-cette-saison\/#primaryimage\"},\"image\":{\"@id\":\"https:\/\/comlandes.fr\/qui-realisera-la-plus-belle-photo-cette-saison\/#primaryimage\"},\"thumbnailUrl\":\"https:\/\/comlandes.fr\/wp-content\/uploads\/2022\/05\/concours-photos.jpg\",\"datePublished\":\"2022-05-11T05:35:12+00:00\",\"breadcrumb\":{\"@id\":\"https:\/\/comlandes.fr\/qui-realisera-la-plus-belle-photo-cette-saison\/#breadcrumb\"},\"inLanguage\":\"fr-FR\",\"potentialAction\":[{\"@type\":\"ReadAction\",\"target\":[\"https:\/\/comlandes.fr\/qui-realisera-la-plus-belle-photo-cette-saison\/\"]}]},{\"@type\":\"ImageObject\",\"inLanguage\":\"fr-FR\",\"@id\":\"https:\/\/comlandes.fr\/qui-realisera-la-plus-belle-photo-cette-saison\/#primaryimage\",\"url\":\"https:\/\/comlandes.fr\/wp-content\/uploads\/2022\/05\/concours-photos.jpg\",\"contentUrl\":\"https:\/\/comlandes.fr\/wp-content\/uploads\/2022\/05\/concours-photos.jpg\",\"width\":1280,\"height\":854,\"caption\":\"concours photos\"},{\"@type\":\"BreadcrumbList\",\"@id\":\"https:\/\/comlandes.fr\/qui-realisera-la-plus-belle-photo-cette-saison\/#breadcrumb\",\"itemListElement\":[{\"@type\":\"ListItem\",\"position\":1,\"name\":\"Accueil\",\"item\":\"https:\/\/comlandes.fr\/fr_fr\/\"},{\"@type\":\"ListItem\",\"position\":2,\"name\":\"Qui r\u00e9alisera la plus belle photo cette saison\"}]},{\"@type\":\"WebSite\",\"@id\":\"https:\/\/comlandes.fr\/fr_fr\/#website\",\"url\":\"https:\/\/comlandes.fr\/fr_fr\/\",\"name\":\"Com'Landes\",\"description\":\"Nous organisons des \u00e9v\u00e9nements &amp; animations\",\"publisher\":{\"@id\":\"https:\/\/comlandes.fr\/fr_fr\/#organization\"},\"potentialAction\":[{\"@type\":\"SearchAction\",\"target\":{\"@type\":\"EntryPoint\",\"urlTemplate\":\"https:\/\/comlandes.fr\/fr_fr\/?s={search_term_string}\"},\"query-input\":{\"@type\":\"PropertyValueSpecification\",\"valueRequired\":true,\"valueName\":\"search_term_string\"}}],\"inLanguage\":\"fr-FR\"},{\"@type\":\"Organization\",\"@id\":\"https:\/\/comlandes.fr\/fr_fr\/#organization\",\"name\":\"Com'Landes\",\"url\":\"https:\/\/comlandes.fr\/fr_fr\/\",\"logo\":{\"@type\":\"ImageObject\",\"inLanguage\":\"fr-FR\",\"@id\":\"https:\/\/comlandes.fr\/fr_fr\/#\/schema\/logo\/image\/\",\"url\":\"https:\/\/comlandes.fr\/wp-content\/uploads\/2024\/04\/logo-comlandes.png\",\"contentUrl\":\"https:\/\/comlandes.fr\/wp-content\/uploads\/2024\/04\/logo-comlandes.png\",\"width\":512,\"height\":343,\"caption\":\"Com'Landes\"},\"image\":{\"@id\":\"https:\/\/comlandes.fr\/fr_fr\/#\/schema\/logo\/image\/\"},\"sameAs\":[\"https:\/\/web.facebook.com\/ComLandes?_rdc=1&_rdr\",\"https:\/\/www.instagram.com\/comlandesasso\/\",\"https:\/\/www.tiktok.com\/@com.landes?_t=8lW4JFzISlK&_r=1\"]},{\"@type\":\"Person\",\"@id\":\"https:\/\/comlandes.fr\/fr_fr\/#\/schema\/person\/d07b54c4dbc4cf35d59c7f0e888074c4\",\"name\":\"radodev\",\"image\":{\"@type\":\"ImageObject\",\"inLanguage\":\"fr-FR\",\"@id\":\"https:\/\/comlandes.fr\/fr_fr\/#\/schema\/person\/image\/\",\"url\":\"https:\/\/secure.gravatar.com\/avatar\/465d78aca137c6c5b01b9c5103f5caeeab327e9ea10a071f9ca341ea66038ad1?s=96&d=mm&r=g\",\"contentUrl\":\"https:\/\/secure.gravatar.com\/avatar\/465d78aca137c6c5b01b9c5103f5caeeab327e9ea10a071f9ca341ea66038ad1?s=96&d=mm&r=g\",\"caption\":\"radodev\"},\"sameAs\":[\"https:\/\/comlandes.fr\/\"],\"url\":\"https:\/\/comlandes.fr\/fr_fr\/author\/radodev\/\"}]}<\/script>\n<!-- \/ Yoast SEO plugin. -->","yoast_head_json":{"title":"Qui r\u00e9alisera la plus belle photo cette saison - Com&#039;Landes","robots":{"index":"index","follow":"follow","max-snippet":"max-snippet:-1","max-image-preview":"max-image-preview:large","max-video-preview":"max-video-preview:-1"},"canonical":"https:\/\/comlandes.fr\/fr_fr\/qui-realisera-la-plus-belle-photo-cette-saison\/","og_locale":"fr_FR","og_type":"article","og_title":"Qui r\u00e9alisera la plus belle photo cette saison - Com&#039;Landes","og_description":"Qui r\u00e9alisera la plus belle photo cette saison ? Organiser ses vacances \u00e0 Moliets, dans les Landes, c\u2019est s\u2019offrir un s\u00e9jour unique dans un cadre idyllique entre oc\u00e9an et espaces de verdure. Pour que vos vacances soient parfaites, Com\u2019Landes vous propose toutes sortes d\u2019activit\u00e9s et d\u2019animations. Parmi elles, vous avez les concours photo de Com\u2019Landes [&hellip;]","og_url":"https:\/\/comlandes.fr\/fr_fr\/qui-realisera-la-plus-belle-photo-cette-saison\/","og_site_name":"Com&#039;Landes","article_publisher":"https:\/\/web.facebook.com\/ComLandes?_rdc=1&_rdr","article_published_time":"2022-05-11T05:35:12+00:00","og_image":[{"width":1280,"height":854,"url":"https:\/\/comlandes.fr\/wp-content\/uploads\/2022\/05\/concours-photos.jpg","type":"image\/jpeg"}],"author":"radodev","twitter_card":"summary_large_image","twitter_misc":{"\u00c9crit par":"radodev","Dur\u00e9e de lecture estim\u00e9e":"3 minutes"},"schema":{"@context":"https:\/\/schema.org","@graph":[{"@type":"Article","@id":"https:\/\/comlandes.fr\/qui-realisera-la-plus-belle-photo-cette-saison\/#article","isPartOf":{"@id":"https:\/\/comlandes.fr\/qui-realisera-la-plus-belle-photo-cette-saison\/"},"author":{"name":"radodev","@id":"https:\/\/comlandes.fr\/fr_fr\/#\/schema\/person\/d07b54c4dbc4cf35d59c7f0e888074c4"},"headline":"Qui r\u00e9alisera la plus belle photo cette saison","datePublished":"2022-05-11T05:35:12+00:00","mainEntityOfPage":{"@id":"https:\/\/comlandes.fr\/qui-realisera-la-plus-belle-photo-cette-saison\/"},"wordCount":583,"commentCount":0,"publisher":{"@id":"https:\/\/comlandes.fr\/fr_fr\/#organization"},"image":{"@id":"https:\/\/comlandes.fr\/qui-realisera-la-plus-belle-photo-cette-saison\/#primaryimage"},"thumbnailUrl":"https:\/\/comlandes.fr\/wp-content\/uploads\/2022\/05\/concours-photos.jpg","articleSection":["Com'Landes au quotidien"],"inLanguage":"fr-FR","potentialAction":[{"@type":"CommentAction","name":"Comment","target":["https:\/\/comlandes.fr\/qui-realisera-la-plus-belle-photo-cette-saison\/#respond"]}]},{"@type":"WebPage","@id":"https:\/\/comlandes.fr\/qui-realisera-la-plus-belle-photo-cette-saison\/","url":"https:\/\/comlandes.fr\/qui-realisera-la-plus-belle-photo-cette-saison\/","name":"Qui r\u00e9alisera la plus belle photo cette saison - Com&#039;Landes","isPartOf":{"@id":"https:\/\/comlandes.fr\/fr_fr\/#website"},"primaryImageOfPage":{"@id":"https:\/\/comlandes.fr\/qui-realisera-la-plus-belle-photo-cette-saison\/#primaryimage"},"image":{"@id":"https:\/\/comlandes.fr\/qui-realisera-la-plus-belle-photo-cette-saison\/#primaryimage"},"thumbnailUrl":"https:\/\/comlandes.fr\/wp-content\/uploads\/2022\/05\/concours-photos.jpg","datePublished":"2022-05-11T05:35:12+00:00","breadcrumb":{"@id":"https:\/\/comlandes.fr\/qui-realisera-la-plus-belle-photo-cette-saison\/#breadcrumb"},"inLanguage":"fr-FR","potentialAction":[{"@type":"ReadAction","target":["https:\/\/comlandes.fr\/qui-realisera-la-plus-belle-photo-cette-saison\/"]}]},{"@type":"ImageObject","inLanguage":"fr-FR","@id":"https:\/\/comlandes.fr\/qui-realisera-la-plus-belle-photo-cette-saison\/#primaryimage","url":"https:\/\/comlandes.fr\/wp-content\/uploads\/2022\/05\/concours-photos.jpg","contentUrl":"https:\/\/comlandes.fr\/wp-content\/uploads\/2022\/05\/concours-photos.jpg","width":1280,"height":854,"caption":"concours photos"},{"@type":"BreadcrumbList","@id":"https:\/\/comlandes.fr\/qui-realisera-la-plus-belle-photo-cette-saison\/#breadcrumb","itemListElement":[{"@type":"ListItem","position":1,"name":"Accueil","item":"https:\/\/comlandes.fr\/fr_fr\/"},{"@type":"ListItem","position":2,"name":"Qui r\u00e9alisera la plus belle photo cette saison"}]},{"@type":"WebSite","@id":"https:\/\/comlandes.fr\/fr_fr\/#website","url":"https:\/\/comlandes.fr\/fr_fr\/","name":"Com'Landes","description":"Nous organisons des \u00e9v\u00e9nements &amp; animations","publisher":{"@id":"https:\/\/comlandes.fr\/fr_fr\/#organization"},"potentialAction":[{"@type":"SearchAction","target":{"@type":"EntryPoint","urlTemplate":"https:\/\/comlandes.fr\/fr_fr\/?s={search_term_string}"},"query-input":{"@type":"PropertyValueSpecification","valueRequired":true,"valueName":"search_term_string"}}],"inLanguage":"fr-FR"},{"@type":"Organization","@id":"https:\/\/comlandes.fr\/fr_fr\/#organization","name":"Com'Landes","url":"https:\/\/comlandes.fr\/fr_fr\/","logo":{"@type":"ImageObject","inLanguage":"fr-FR","@id":"https:\/\/comlandes.fr\/fr_fr\/#\/schema\/logo\/image\/","url":"https:\/\/comlandes.fr\/wp-content\/uploads\/2024\/04\/logo-comlandes.png","contentUrl":"https:\/\/comlandes.fr\/wp-content\/uploads\/2024\/04\/logo-comlandes.png","width":512,"height":343,"caption":"Com'Landes"},"image":{"@id":"https:\/\/comlandes.fr\/fr_fr\/#\/schema\/logo\/image\/"},"sameAs":["https:\/\/web.facebook.com\/ComLandes?_rdc=1&_rdr","https:\/\/www.instagram.com\/comlandesasso\/","https:\/\/www.tiktok.com\/@com.landes?_t=8lW4JFzISlK&_r=1"]},{"@type":"Person","@id":"https:\/\/comlandes.fr\/fr_fr\/#\/schema\/person\/d07b54c4dbc4cf35d59c7f0e888074c4","name":"radodev","image":{"@type":"ImageObject","inLanguage":"fr-FR","@id":"https:\/\/comlandes.fr\/fr_fr\/#\/schema\/person\/image\/","url":"https:\/\/secure.gravatar.com\/avatar\/465d78aca137c6c5b01b9c5103f5caeeab327e9ea10a071f9ca341ea66038ad1?s=96&d=mm&r=g","contentUrl":"https:\/\/secure.gravatar.com\/avatar\/465d78aca137c6c5b01b9c5103f5caeeab327e9ea10a071f9ca341ea66038ad1?s=96&d=mm&r=g","caption":"radodev"},"sameAs":["https:\/\/comlandes.fr\/"],"url":"https:\/\/comlandes.fr\/fr_fr\/author\/radodev\/"}]}},"_links":{"self":[{"href":"https:\/\/comlandes.fr\/fr_fr\/wp-json\/wp\/v2\/posts\/3611","targetHints":{"allow":["GET"]}}],"collection":[{"href":"https:\/\/comlandes.fr\/fr_fr\/wp-json\/wp\/v2\/posts"}],"about":[{"href":"https:\/\/comlandes.fr\/fr_fr\/wp-json\/wp\/v2\/types\/post"}],"author":[{"embeddable":true,"href":"https:\/\/comlandes.fr\/fr_fr\/wp-json\/wp\/v2\/users\/1"}],"replies":[{"embeddable":true,"href":"https:\/\/comlandes.fr\/fr_fr\/wp-json\/wp\/v2\/comments?post=3611"}],"version-history":[{"count":0,"href":"https:\/\/comlandes.fr\/fr_fr\/wp-json\/wp\/v2\/posts\/3611\/revisions"}],"wp:featuredmedia":[{"embeddable":true,"href":"https:\/\/comlandes.fr\/fr_fr\/wp-json\/wp\/v2\/media\/3612"}],"wp:attachment":[{"href":"https:\/\/comlandes.fr\/fr_fr\/wp-json\/wp\/v2\/media?parent=3611"}],"wp:term":[{"taxonomy":"category","embeddable":true,"href":"https:\/\/comlandes.fr\/fr_fr\/wp-json\/wp\/v2\/categories?post=3611"},{"taxonomy":"post_tag","embeddable":true,"href":"https:\/\/comlandes.fr\/fr_fr\/wp-json\/wp\/v2\/tags?post=3611"}],"curies":[{"name":"wp","href":"https:\/\/api.w.org\/{rel}","templated":true}]}}