{"id":3620,"date":"2022-05-11T07:46:26","date_gmt":"2022-05-11T05:46:26","guid":{"rendered":"https:\/\/www.comlandes.fr\/?p=3620"},"modified":"2022-05-11T07:46:26","modified_gmt":"2022-05-11T05:46:26","slug":"alors-on-danse","status":"publish","type":"post","link":"https:\/\/comlandes.fr\/fr_fr\/alors-on-danse\/","title":{"rendered":"Alors on danse"},"content":{"rendered":"\n<h1 class=\"wp-block-heading\">Alors on danse ! Comment choisir son DJ ?<\/h1>\n\n\n\n<p>Le d\u00e9partement des Landes attire les visiteurs et les vacanciers pour sa nature, ses plages, mais aussi pour sa riche culture. Les Landes sont aussi appr\u00e9ci\u00e9es pour l\u2019ambiance particuli\u00e8rement festive de ses soir\u00e9es. Pour les vacances, Com\u2019landes met au programme des soir\u00e9es dinatoires anim\u00e9es par des DJ. Ce seront des occasions uniques pour vous permettre d\u2019appr\u00e9cier pleinement les f\u00eates landaises.&nbsp;<\/p>\n\n\n\n<h2 class=\"wp-block-heading\">Comment concevoir une soir\u00e9e \u00e0 th\u00e8me ?<\/h2>\n\n\n\n<p>Com\u2019landes concocte de nombreuses soir\u00e9es \u00e0 th\u00e8me pour cette saison estivale l\u2019association pr\u00e9voit vous faire danser sur diff\u00e9rents th\u00e8mes de soir\u00e9es.&nbsp;<\/p>\n\n\n\n<p>Pour ce faire, lors des concerts dinatoires qu\u2019elle organise, dans une ambiance conviviale o\u00f9 l\u2019on peut voir la participation de chaque membre de la famille, une soir\u00e9e dansante anim\u00e9e par un DJ sera au programme. Com\u2019landes propose des soir\u00e9es \u00e0 th\u00e8me qui mettent en avant l\u2019ambiance du sud-ouest avec ses bandas durant la premi\u00e8re partie de la soir\u00e9e. Ce sera un moment unique pour faire connaissance avec la tradition des Landes et le charme de sa culture.&nbsp;<\/p>\n\n\n\n<p>Apr\u00e8s cette premi\u00e8re partie, les jeunes et les moins jeunes qui aiment faire la f\u00eate pourront s\u2019amuser sur la piste de danse, anim\u00e9e par notre DJ. Pour s\u2019assurer que tout le monde trouve son compte et puisse appr\u00e9cier cette soir\u00e9e, le DJ qui a \u00e9t\u00e9 choisi par l\u2019association connait le public qu\u2019il doit faire danser. Le r\u00e9pertoire musical consid\u00e8re tous les profils et tous les \u00e2ges (de 0 \u00e0 80 ans). Il y en aura pour tous les go\u00fbts et pour toutes les g\u00e9n\u00e9rations.&nbsp;<\/p>\n\n\n\n<h2 class=\"wp-block-heading\">Comment s\u00e9lectionner un DJ ?<\/h2>\n\n\n\n<p>Durant les soir\u00e9es de concert dinatoire propos\u00e9 par Com\u2019landes chaque dimanche soir, le DJ qui va s\u2019occuper du r\u00e9pertoire musical ne vous fera pas seulement danser. L\u2019association a pris soin de choisir un v\u00e9ritable animateur et un ambianceur pour que chaque soir\u00e9e soit inoubliable. Un cahier des charges pr\u00e9cis a \u00e9t\u00e9 \u00e9tabli par Com\u2019landes pour s\u2019assurer que tout le monde prenne plaisir et s\u2019amuse durant chaque soir\u00e9e.&nbsp;<\/p>\n\n\n\n<p>Le fronton de Moliets sera \u00e9galement am\u00e9nag\u00e9 pour que le DJ puisse assurer l\u2019ambiance dans les meilleures conditions. Une sc\u00e8ne est pr\u00e9vue o\u00f9 le disk-jockey pourra jouer en toute libert\u00e9 tout en respectant la particularit\u00e9 de la population cible de la soir\u00e9e. La sc\u00e8ne sera prot\u00e9g\u00e9e en cas de pluie et une solution de repli a \u00e9t\u00e9 imagin\u00e9e. Tout cela, afin que le DJ garde \u00e0 tout moment son professionnalisme et pour que tout le monde puisse s\u2019amuser et soit satisfait.&nbsp;&nbsp;<\/p>\n\n\n\n<h2 class=\"wp-block-heading\">Les particularit\u00e9s de la soir\u00e9e dinatoire \u00e0 Moliets&nbsp;<\/h2>\n\n\n\n<p>Contrairement \u00e0 une soir\u00e9e en discoth\u00e8que ou en boite de nuit, Com\u2019landes pr\u00e9voit des soir\u00e9es qui d\u00e9butent assez t\u00f4t et qui ne se terminent pas au petit matin. L\u2019objectif est d\u2019avoir des estivants qui pourront s\u2019amuser \u00e0 la plage et faire des promenades \u00e0 v\u00e9lo le lendemain matin.&nbsp;<\/p>\n\n\n\n<p>Les soir\u00e9es commenceront \u00e0 19h pour se terminer \u00e0 01h du matin. Elles seront organis\u00e9es au bourg de Moliets, au fronton, et l\u2019entr\u00e9e sera gratuite. Cependant, pour ceux qui veulent profiter du concert dinatoire et se restaurer, ils peuvent r\u00e9server une place pour 15 \u20ac la personne. Ils pourront ainsi profiter d\u2019un ap\u00e9ritif servi en d\u00e9but de soir\u00e9e et d\u2019un diner compos\u00e9 d\u2019une entr\u00e9e, d\u2019un plat et d\u2019un dessert.&nbsp;<\/p>\n","protected":false},"excerpt":{"rendered":"<p>Alors on danse ! Comment choisir son DJ ? Le d\u00e9partement des Landes attire les visiteurs et les vacanciers pour sa nature, ses plages, mais aussi pour sa riche culture. Les Landes sont aussi appr\u00e9ci\u00e9es pour l\u2019ambiance particuli\u00e8rement festive de ses soir\u00e9es. Pour les vacances, Com\u2019landes met au programme des soir\u00e9es dinatoires anim\u00e9es par des [&hellip;]<\/p>\n","protected":false},"author":1,"featured_media":3621,"comment_status":"open","ping_status":"open","sticky":false,"template":"","format":"standard","meta":{"_et_pb_use_builder":"","_et_pb_old_content":"","_et_gb_content_width":"","footnotes":""},"categories":[76],"tags":[],"class_list":["post-3620","post","type-post","status-publish","format-standard","has-post-thumbnail","hentry","category-immersions"],"yoast_head":"<!-- This site is optimized with the Yoast SEO plugin v25.4 - https:\/\/yoast.com\/wordpress\/plugins\/seo\/ -->\n<title>Alors on danse - Com&#039;Landes<\/title>\n<meta name=\"robots\" content=\"index, follow, max-snippet:-1, max-image-preview:large, max-video-preview:-1\" \/>\n<link rel=\"canonical\" href=\"https:\/\/comlandes.fr\/fr_fr\/alors-on-danse\/\" \/>\n<meta property=\"og:locale\" content=\"fr_FR\" \/>\n<meta property=\"og:type\" content=\"article\" \/>\n<meta property=\"og:title\" content=\"Alors on danse - Com&#039;Landes\" \/>\n<meta property=\"og:description\" content=\"Alors on danse ! Comment choisir son DJ ? Le d\u00e9partement des Landes attire les visiteurs et les vacanciers pour sa nature, ses plages, mais aussi pour sa riche culture. Les Landes sont aussi appr\u00e9ci\u00e9es pour l\u2019ambiance particuli\u00e8rement festive de ses soir\u00e9es. Pour les vacances, Com\u2019landes met au programme des soir\u00e9es dinatoires anim\u00e9es par des [&hellip;]\" \/>\n<meta property=\"og:url\" content=\"https:\/\/comlandes.fr\/fr_fr\/alors-on-danse\/\" \/>\n<meta property=\"og:site_name\" content=\"Com&#039;Landes\" \/>\n<meta property=\"article:publisher\" content=\"https:\/\/web.facebook.com\/ComLandes?_rdc=1&amp;_rdr\" \/>\n<meta property=\"article:published_time\" content=\"2022-05-11T05:46:26+00:00\" \/>\n<meta property=\"og:image\" content=\"https:\/\/comlandes.fr\/wp-content\/uploads\/2022\/05\/dj-1531431_1920.jpg\" \/>\n\t<meta property=\"og:image:width\" content=\"1920\" \/>\n\t<meta property=\"og:image:height\" content=\"1280\" \/>\n\t<meta property=\"og:image:type\" content=\"image\/jpeg\" \/>\n<meta name=\"author\" content=\"radodev\" \/>\n<meta name=\"twitter:card\" content=\"summary_large_image\" \/>\n<meta name=\"twitter:label1\" content=\"\u00c9crit par\" \/>\n\t<meta name=\"twitter:data1\" content=\"radodev\" \/>\n\t<meta name=\"twitter:label2\" content=\"Dur\u00e9e de lecture estim\u00e9e\" \/>\n\t<meta name=\"twitter:data2\" content=\"3 minutes\" \/>\n<script type=\"application\/ld+json\" class=\"yoast-schema-graph\">{\"@context\":\"https:\/\/schema.org\",\"@graph\":[{\"@type\":\"Article\",\"@id\":\"https:\/\/comlandes.fr\/alors-on-danse\/#article\",\"isPartOf\":{\"@id\":\"https:\/\/comlandes.fr\/alors-on-danse\/\"},\"author\":{\"name\":\"radodev\",\"@id\":\"https:\/\/comlandes.fr\/fr_fr\/#\/schema\/person\/d07b54c4dbc4cf35d59c7f0e888074c4\"},\"headline\":\"Alors on danse\",\"datePublished\":\"2022-05-11T05:46:26+00:00\",\"mainEntityOfPage\":{\"@id\":\"https:\/\/comlandes.fr\/alors-on-danse\/\"},\"wordCount\":627,\"commentCount\":0,\"publisher\":{\"@id\":\"https:\/\/comlandes.fr\/fr_fr\/#organization\"},\"image\":{\"@id\":\"https:\/\/comlandes.fr\/alors-on-danse\/#primaryimage\"},\"thumbnailUrl\":\"https:\/\/comlandes.fr\/wp-content\/uploads\/2022\/05\/dj-1531431_1920.jpg\",\"articleSection\":[\"Immersions\"],\"inLanguage\":\"fr-FR\",\"potentialAction\":[{\"@type\":\"CommentAction\",\"name\":\"Comment\",\"target\":[\"https:\/\/comlandes.fr\/alors-on-danse\/#respond\"]}]},{\"@type\":\"WebPage\",\"@id\":\"https:\/\/comlandes.fr\/alors-on-danse\/\",\"url\":\"https:\/\/comlandes.fr\/alors-on-danse\/\",\"name\":\"Alors on danse - Com&#039;Landes\",\"isPartOf\":{\"@id\":\"https:\/\/comlandes.fr\/fr_fr\/#website\"},\"primaryImageOfPage\":{\"@id\":\"https:\/\/comlandes.fr\/alors-on-danse\/#primaryimage\"},\"image\":{\"@id\":\"https:\/\/comlandes.fr\/alors-on-danse\/#primaryimage\"},\"thumbnailUrl\":\"https:\/\/comlandes.fr\/wp-content\/uploads\/2022\/05\/dj-1531431_1920.jpg\",\"datePublished\":\"2022-05-11T05:46:26+00:00\",\"breadcrumb\":{\"@id\":\"https:\/\/comlandes.fr\/alors-on-danse\/#breadcrumb\"},\"inLanguage\":\"fr-FR\",\"potentialAction\":[{\"@type\":\"ReadAction\",\"target\":[\"https:\/\/comlandes.fr\/alors-on-danse\/\"]}]},{\"@type\":\"ImageObject\",\"inLanguage\":\"fr-FR\",\"@id\":\"https:\/\/comlandes.fr\/alors-on-danse\/#primaryimage\",\"url\":\"https:\/\/comlandes.fr\/wp-content\/uploads\/2022\/05\/dj-1531431_1920.jpg\",\"contentUrl\":\"https:\/\/comlandes.fr\/wp-content\/uploads\/2022\/05\/dj-1531431_1920.jpg\",\"width\":1920,\"height\":1280,\"caption\":\"dj 1531431 1920\"},{\"@type\":\"BreadcrumbList\",\"@id\":\"https:\/\/comlandes.fr\/alors-on-danse\/#breadcrumb\",\"itemListElement\":[{\"@type\":\"ListItem\",\"position\":1,\"name\":\"Accueil\",\"item\":\"https:\/\/comlandes.fr\/fr_fr\/\"},{\"@type\":\"ListItem\",\"position\":2,\"name\":\"Alors on danse\"}]},{\"@type\":\"WebSite\",\"@id\":\"https:\/\/comlandes.fr\/fr_fr\/#website\",\"url\":\"https:\/\/comlandes.fr\/fr_fr\/\",\"name\":\"Com'Landes\",\"description\":\"Nous organisons des \u00e9v\u00e9nements &amp; animations\",\"publisher\":{\"@id\":\"https:\/\/comlandes.fr\/fr_fr\/#organization\"},\"potentialAction\":[{\"@type\":\"SearchAction\",\"target\":{\"@type\":\"EntryPoint\",\"urlTemplate\":\"https:\/\/comlandes.fr\/fr_fr\/?s={search_term_string}\"},\"query-input\":{\"@type\":\"PropertyValueSpecification\",\"valueRequired\":true,\"valueName\":\"search_term_string\"}}],\"inLanguage\":\"fr-FR\"},{\"@type\":\"Organization\",\"@id\":\"https:\/\/comlandes.fr\/fr_fr\/#organization\",\"name\":\"Com'Landes\",\"url\":\"https:\/\/comlandes.fr\/fr_fr\/\",\"logo\":{\"@type\":\"ImageObject\",\"inLanguage\":\"fr-FR\",\"@id\":\"https:\/\/comlandes.fr\/fr_fr\/#\/schema\/logo\/image\/\",\"url\":\"https:\/\/comlandes.fr\/wp-content\/uploads\/2024\/04\/logo-comlandes.png\",\"contentUrl\":\"https:\/\/comlandes.fr\/wp-content\/uploads\/2024\/04\/logo-comlandes.png\",\"width\":512,\"height\":343,\"caption\":\"Com'Landes\"},\"image\":{\"@id\":\"https:\/\/comlandes.fr\/fr_fr\/#\/schema\/logo\/image\/\"},\"sameAs\":[\"https:\/\/web.facebook.com\/ComLandes?_rdc=1&_rdr\",\"https:\/\/www.instagram.com\/comlandesasso\/\",\"https:\/\/www.tiktok.com\/@com.landes?_t=8lW4JFzISlK&_r=1\"]},{\"@type\":\"Person\",\"@id\":\"https:\/\/comlandes.fr\/fr_fr\/#\/schema\/person\/d07b54c4dbc4cf35d59c7f0e888074c4\",\"name\":\"radodev\",\"image\":{\"@type\":\"ImageObject\",\"inLanguage\":\"fr-FR\",\"@id\":\"https:\/\/comlandes.fr\/fr_fr\/#\/schema\/person\/image\/\",\"url\":\"https:\/\/secure.gravatar.com\/avatar\/465d78aca137c6c5b01b9c5103f5caeeab327e9ea10a071f9ca341ea66038ad1?s=96&d=mm&r=g\",\"contentUrl\":\"https:\/\/secure.gravatar.com\/avatar\/465d78aca137c6c5b01b9c5103f5caeeab327e9ea10a071f9ca341ea66038ad1?s=96&d=mm&r=g\",\"caption\":\"radodev\"},\"sameAs\":[\"https:\/\/comlandes.fr\/\"],\"url\":\"https:\/\/comlandes.fr\/fr_fr\/author\/radodev\/\"}]}<\/script>\n<!-- \/ Yoast SEO plugin. -->","yoast_head_json":{"title":"Alors on danse - Com&#039;Landes","robots":{"index":"index","follow":"follow","max-snippet":"max-snippet:-1","max-image-preview":"max-image-preview:large","max-video-preview":"max-video-preview:-1"},"canonical":"https:\/\/comlandes.fr\/fr_fr\/alors-on-danse\/","og_locale":"fr_FR","og_type":"article","og_title":"Alors on danse - Com&#039;Landes","og_description":"Alors on danse ! Comment choisir son DJ ? Le d\u00e9partement des Landes attire les visiteurs et les vacanciers pour sa nature, ses plages, mais aussi pour sa riche culture. Les Landes sont aussi appr\u00e9ci\u00e9es pour l\u2019ambiance particuli\u00e8rement festive de ses soir\u00e9es. Pour les vacances, Com\u2019landes met au programme des soir\u00e9es dinatoires anim\u00e9es par des [&hellip;]","og_url":"https:\/\/comlandes.fr\/fr_fr\/alors-on-danse\/","og_site_name":"Com&#039;Landes","article_publisher":"https:\/\/web.facebook.com\/ComLandes?_rdc=1&_rdr","article_published_time":"2022-05-11T05:46:26+00:00","og_image":[{"width":1920,"height":1280,"url":"https:\/\/comlandes.fr\/wp-content\/uploads\/2022\/05\/dj-1531431_1920.jpg","type":"image\/jpeg"}],"author":"radodev","twitter_card":"summary_large_image","twitter_misc":{"\u00c9crit par":"radodev","Dur\u00e9e de lecture estim\u00e9e":"3 minutes"},"schema":{"@context":"https:\/\/schema.org","@graph":[{"@type":"Article","@id":"https:\/\/comlandes.fr\/alors-on-danse\/#article","isPartOf":{"@id":"https:\/\/comlandes.fr\/alors-on-danse\/"},"author":{"name":"radodev","@id":"https:\/\/comlandes.fr\/fr_fr\/#\/schema\/person\/d07b54c4dbc4cf35d59c7f0e888074c4"},"headline":"Alors on danse","datePublished":"2022-05-11T05:46:26+00:00","mainEntityOfPage":{"@id":"https:\/\/comlandes.fr\/alors-on-danse\/"},"wordCount":627,"commentCount":0,"publisher":{"@id":"https:\/\/comlandes.fr\/fr_fr\/#organization"},"image":{"@id":"https:\/\/comlandes.fr\/alors-on-danse\/#primaryimage"},"thumbnailUrl":"https:\/\/comlandes.fr\/wp-content\/uploads\/2022\/05\/dj-1531431_1920.jpg","articleSection":["Immersions"],"inLanguage":"fr-FR","potentialAction":[{"@type":"CommentAction","name":"Comment","target":["https:\/\/comlandes.fr\/alors-on-danse\/#respond"]}]},{"@type":"WebPage","@id":"https:\/\/comlandes.fr\/alors-on-danse\/","url":"https:\/\/comlandes.fr\/alors-on-danse\/","name":"Alors on danse - Com&#039;Landes","isPartOf":{"@id":"https:\/\/comlandes.fr\/fr_fr\/#website"},"primaryImageOfPage":{"@id":"https:\/\/comlandes.fr\/alors-on-danse\/#primaryimage"},"image":{"@id":"https:\/\/comlandes.fr\/alors-on-danse\/#primaryimage"},"thumbnailUrl":"https:\/\/comlandes.fr\/wp-content\/uploads\/2022\/05\/dj-1531431_1920.jpg","datePublished":"2022-05-11T05:46:26+00:00","breadcrumb":{"@id":"https:\/\/comlandes.fr\/alors-on-danse\/#breadcrumb"},"inLanguage":"fr-FR","potentialAction":[{"@type":"ReadAction","target":["https:\/\/comlandes.fr\/alors-on-danse\/"]}]},{"@type":"ImageObject","inLanguage":"fr-FR","@id":"https:\/\/comlandes.fr\/alors-on-danse\/#primaryimage","url":"https:\/\/comlandes.fr\/wp-content\/uploads\/2022\/05\/dj-1531431_1920.jpg","contentUrl":"https:\/\/comlandes.fr\/wp-content\/uploads\/2022\/05\/dj-1531431_1920.jpg","width":1920,"height":1280,"caption":"dj 1531431 1920"},{"@type":"BreadcrumbList","@id":"https:\/\/comlandes.fr\/alors-on-danse\/#breadcrumb","itemListElement":[{"@type":"ListItem","position":1,"name":"Accueil","item":"https:\/\/comlandes.fr\/fr_fr\/"},{"@type":"ListItem","position":2,"name":"Alors on danse"}]},{"@type":"WebSite","@id":"https:\/\/comlandes.fr\/fr_fr\/#website","url":"https:\/\/comlandes.fr\/fr_fr\/","name":"Com'Landes","description":"Nous organisons des \u00e9v\u00e9nements &amp; animations","publisher":{"@id":"https:\/\/comlandes.fr\/fr_fr\/#organization"},"potentialAction":[{"@type":"SearchAction","target":{"@type":"EntryPoint","urlTemplate":"https:\/\/comlandes.fr\/fr_fr\/?s={search_term_string}"},"query-input":{"@type":"PropertyValueSpecification","valueRequired":true,"valueName":"search_term_string"}}],"inLanguage":"fr-FR"},{"@type":"Organization","@id":"https:\/\/comlandes.fr\/fr_fr\/#organization","name":"Com'Landes","url":"https:\/\/comlandes.fr\/fr_fr\/","logo":{"@type":"ImageObject","inLanguage":"fr-FR","@id":"https:\/\/comlandes.fr\/fr_fr\/#\/schema\/logo\/image\/","url":"https:\/\/comlandes.fr\/wp-content\/uploads\/2024\/04\/logo-comlandes.png","contentUrl":"https:\/\/comlandes.fr\/wp-content\/uploads\/2024\/04\/logo-comlandes.png","width":512,"height":343,"caption":"Com'Landes"},"image":{"@id":"https:\/\/comlandes.fr\/fr_fr\/#\/schema\/logo\/image\/"},"sameAs":["https:\/\/web.facebook.com\/ComLandes?_rdc=1&_rdr","https:\/\/www.instagram.com\/comlandesasso\/","https:\/\/www.tiktok.com\/@com.landes?_t=8lW4JFzISlK&_r=1"]},{"@type":"Person","@id":"https:\/\/comlandes.fr\/fr_fr\/#\/schema\/person\/d07b54c4dbc4cf35d59c7f0e888074c4","name":"radodev","image":{"@type":"ImageObject","inLanguage":"fr-FR","@id":"https:\/\/comlandes.fr\/fr_fr\/#\/schema\/person\/image\/","url":"https:\/\/secure.gravatar.com\/avatar\/465d78aca137c6c5b01b9c5103f5caeeab327e9ea10a071f9ca341ea66038ad1?s=96&d=mm&r=g","contentUrl":"https:\/\/secure.gravatar.com\/avatar\/465d78aca137c6c5b01b9c5103f5caeeab327e9ea10a071f9ca341ea66038ad1?s=96&d=mm&r=g","caption":"radodev"},"sameAs":["https:\/\/comlandes.fr\/"],"url":"https:\/\/comlandes.fr\/fr_fr\/author\/radodev\/"}]}},"_links":{"self":[{"href":"https:\/\/comlandes.fr\/fr_fr\/wp-json\/wp\/v2\/posts\/3620","targetHints":{"allow":["GET"]}}],"collection":[{"href":"https:\/\/comlandes.fr\/fr_fr\/wp-json\/wp\/v2\/posts"}],"about":[{"href":"https:\/\/comlandes.fr\/fr_fr\/wp-json\/wp\/v2\/types\/post"}],"author":[{"embeddable":true,"href":"https:\/\/comlandes.fr\/fr_fr\/wp-json\/wp\/v2\/users\/1"}],"replies":[{"embeddable":true,"href":"https:\/\/comlandes.fr\/fr_fr\/wp-json\/wp\/v2\/comments?post=3620"}],"version-history":[{"count":0,"href":"https:\/\/comlandes.fr\/fr_fr\/wp-json\/wp\/v2\/posts\/3620\/revisions"}],"wp:featuredmedia":[{"embeddable":true,"href":"https:\/\/comlandes.fr\/fr_fr\/wp-json\/wp\/v2\/media\/3621"}],"wp:attachment":[{"href":"https:\/\/comlandes.fr\/fr_fr\/wp-json\/wp\/v2\/media?parent=3620"}],"wp:term":[{"taxonomy":"category","embeddable":true,"href":"https:\/\/comlandes.fr\/fr_fr\/wp-json\/wp\/v2\/categories?post=3620"},{"taxonomy":"post_tag","embeddable":true,"href":"https:\/\/comlandes.fr\/fr_fr\/wp-json\/wp\/v2\/tags?post=3620"}],"curies":[{"name":"wp","href":"https:\/\/api.w.org\/{rel}","templated":true}]}}