{"id":4223,"date":"2022-06-24T08:40:42","date_gmt":"2022-06-24T06:40:42","guid":{"rendered":"https:\/\/www.comlandes.fr\/?p=4223"},"modified":"2022-06-24T08:40:42","modified_gmt":"2022-06-24T06:40:42","slug":"oeil-de-lynx","status":"publish","type":"post","link":"https:\/\/comlandes.fr\/fr_fr\/oeil-de-lynx\/","title":{"rendered":"\u0152il de lynx"},"content":{"rendered":"\n<p>Pour cette saison estivale, Com\u2019landes pr\u00e9voit de nombreux ateliers qui vous permettent d\u2019augmenter vos comp\u00e9tences. L\u2019association organise \u00e9galement un atelier photo qui va vous apprendre comment saisir une bonne image \u00e0 publier sur les r\u00e9seaux sociaux. Afin de vous mettre au parfum, voici ce que vous pourrez voir et apprendre durant cet atelier afin de mettre en valeur la beaut\u00e9 des Landes.<\/p>\n\n\n\n<h2 class=\"wp-block-heading\">Comment choisir le bon angle et bien photographier vos sujets ?&nbsp;<\/h2>\n\n\n\n<p>Durant cet atelier photo organis\u00e9 par Com\u2019landes, vous apprendrez \u00e0 choisir le bon angle pour afin de r\u00e9aliser un bon reportage photo. Cela permet de bien g\u00e9rer l\u2019espace. En effet, selon la position du photographe, l\u2019emplacement du sujet qu\u2019il veut capturer et le message qu\u2019il veut transmettre, la qualit\u00e9 de sa photo peut \u00eatre diff\u00e9rente.<\/p>\n\n\n\n<p>Lorsque vous prenez des photos, vous devez aussi faire parler vos sentiments et les faire ressentir dans vos clich\u00e9s. Pour ce faire, vous devez choisir le bon angle et le meilleur point de vue. Durant l\u2019atelier photo organis\u00e9 par Com\u2019landes, vous pourrez apprendre ce qu\u2019est le point de vue \u00e0 hauteur d\u2019\u0153il. Quand vous prenez la photo \u00e0 hauteur d\u2019\u0153il, il n\u2019y a aucune d\u00e9formation sur le sujet. C\u2019est une technique parfaite pour avoir une photo neutre.<\/p>\n\n\n\n<p>Ensuite, on vous apprendra la technique de l\u2019angle en plong\u00e9e. Vous devez dominer votre sujet dans cette technique de prise de vue. Le sentiment recherch\u00e9 est la d\u00e9tresse. On peut aussi faire ressentir de la solitude si le sujet est seul. Si vous cadrez un groupe de personnes ou d\u2019animaux, la photo aura un air plus sympathique. C\u2019est l\u2019angle parfait pour faire ressentir de l\u2019humanit\u00e9 en \u00e9crasant les perspectives tout en valorisant les formes horizontales.<\/p>\n\n\n\n<p>Et enfin, l\u2019atelier vous fera aussi connaitre l\u2019angle en contre-plong\u00e9e. Cela vous permet de faire dominer le sujet. Pour que votre sujet soit bien mis en valeur, c\u2019est l\u2019angle parfait. Vous obtiendrez \u00e9galement plus de perspectives. &nbsp;<\/p>\n\n\n\n<h2 class=\"wp-block-heading\">Quel \u00e9quipement choisir ?&nbsp;<\/h2>\n\n\n\n<p>L\u2019atelier sera aussi une bonne occasion pour connaitre les bons \u00e9quipements \u00e0 choisir pour faire de belles photos de vacances, en pleine nature. Comme Com\u2019landes va vous proposer des activit\u00e9s \u00e0 la mer, le mieux serait d\u2019avoir un \u00e9quipement tout terrain. Les appareils de type GoPro sont recommand\u00e9s dans ce cas. Ils sont l\u00e9gers et non encombrants tout en permettant des captures photo et vid\u00e9o de qualit\u00e9. De plus, ce type d\u2019appareil est \u00e9tanche et ne craint ni l\u2019eau ni le sable. Si vous n\u2019avez pas de GoPro, pr\u00e9f\u00e9rez toujours un appareil \u00e9tanche. N\u2019oubliez pas de vous munir d\u2019un filtre ND et polarisant, d\u2019une batterie de rechange et de cartes SD.<\/p>\n\n\n\n<p>Pour les prises de vue en for\u00eat, vous devez avoir de bons objectifs avec id\u00e9alement, un appareil photo de type reflex. Comme zoom, pr\u00e9f\u00e9rez un objectif 24-70 mm ou un 70-200 mm. Ils sont parfaits pour les prises de vue de paysage. Si vous prenez surtout des photos en journ\u00e9e, vous n\u2019aurez pas besoin d\u2019un objectif avec une tr\u00e8s grande ouverture. Une ouverture f4 est amplement suffisante. Les objectifs avec une ouverture de type f2\/8 sont n\u00e9cessaires si vous allez prendre des photos en fin de journ\u00e9e ou \u00e0 la tomb\u00e9e de la nuit.<\/p>\n","protected":false},"excerpt":{"rendered":"<p>Pour cette saison estivale, Com\u2019landes pr\u00e9voit de nombreux ateliers qui vous permettent d\u2019augmenter vos comp\u00e9tences. L\u2019association organise \u00e9galement un atelier photo qui va vous apprendre comment saisir une bonne image \u00e0 publier sur les r\u00e9seaux sociaux. Afin de vous mettre au parfum, voici ce que vous pourrez voir et apprendre durant cet atelier afin de [&hellip;]<\/p>\n","protected":false},"author":1,"featured_media":4224,"comment_status":"open","ping_status":"open","sticky":false,"template":"","format":"standard","meta":{"_et_pb_use_builder":"","_et_pb_old_content":"","_et_gb_content_width":"","footnotes":""},"categories":[75],"tags":[],"class_list":["post-4223","post","type-post","status-publish","format-standard","has-post-thumbnail","hentry","category-comlandes-au-quotidien"],"yoast_head":"<!-- This site is optimized with the Yoast SEO plugin v25.4 - https:\/\/yoast.com\/wordpress\/plugins\/seo\/ -->\n<title>\u0152il de lynx - Com&#039;Landes<\/title>\n<meta name=\"robots\" content=\"index, follow, max-snippet:-1, max-image-preview:large, max-video-preview:-1\" \/>\n<link rel=\"canonical\" href=\"https:\/\/comlandes.fr\/fr_fr\/oeil-de-lynx\/\" \/>\n<meta property=\"og:locale\" content=\"fr_FR\" \/>\n<meta property=\"og:type\" content=\"article\" \/>\n<meta property=\"og:title\" content=\"\u0152il de lynx - Com&#039;Landes\" \/>\n<meta property=\"og:description\" content=\"Pour cette saison estivale, Com\u2019landes pr\u00e9voit de nombreux ateliers qui vous permettent d\u2019augmenter vos comp\u00e9tences. L\u2019association organise \u00e9galement un atelier photo qui va vous apprendre comment saisir une bonne image \u00e0 publier sur les r\u00e9seaux sociaux. Afin de vous mettre au parfum, voici ce que vous pourrez voir et apprendre durant cet atelier afin de [&hellip;]\" \/>\n<meta property=\"og:url\" content=\"https:\/\/comlandes.fr\/fr_fr\/oeil-de-lynx\/\" \/>\n<meta property=\"og:site_name\" content=\"Com&#039;Landes\" \/>\n<meta property=\"article:publisher\" content=\"https:\/\/web.facebook.com\/ComLandes?_rdc=1&amp;_rdr\" \/>\n<meta property=\"article:published_time\" content=\"2022-06-24T06:40:42+00:00\" \/>\n<meta property=\"og:image\" content=\"https:\/\/comlandes.fr\/wp-content\/uploads\/2022\/06\/oeil-de-lynx.jpg\" \/>\n\t<meta property=\"og:image:width\" content=\"1920\" \/>\n\t<meta property=\"og:image:height\" content=\"1200\" \/>\n\t<meta property=\"og:image:type\" content=\"image\/jpeg\" \/>\n<meta name=\"author\" content=\"radodev\" \/>\n<meta name=\"twitter:card\" content=\"summary_large_image\" \/>\n<meta name=\"twitter:label1\" content=\"\u00c9crit par\" \/>\n\t<meta name=\"twitter:data1\" content=\"radodev\" \/>\n\t<meta name=\"twitter:label2\" content=\"Dur\u00e9e de lecture estim\u00e9e\" \/>\n\t<meta name=\"twitter:data2\" content=\"3 minutes\" \/>\n<script type=\"application\/ld+json\" class=\"yoast-schema-graph\">{\"@context\":\"https:\/\/schema.org\",\"@graph\":[{\"@type\":\"Article\",\"@id\":\"https:\/\/comlandes.fr\/oeil-de-lynx\/#article\",\"isPartOf\":{\"@id\":\"https:\/\/comlandes.fr\/oeil-de-lynx\/\"},\"author\":{\"name\":\"radodev\",\"@id\":\"https:\/\/comlandes.fr\/fr_fr\/#\/schema\/person\/d07b54c4dbc4cf35d59c7f0e888074c4\"},\"headline\":\"\u0152il de lynx\",\"datePublished\":\"2022-06-24T06:40:42+00:00\",\"mainEntityOfPage\":{\"@id\":\"https:\/\/comlandes.fr\/oeil-de-lynx\/\"},\"wordCount\":583,\"commentCount\":0,\"publisher\":{\"@id\":\"https:\/\/comlandes.fr\/fr_fr\/#organization\"},\"image\":{\"@id\":\"https:\/\/comlandes.fr\/oeil-de-lynx\/#primaryimage\"},\"thumbnailUrl\":\"https:\/\/comlandes.fr\/wp-content\/uploads\/2022\/06\/oeil-de-lynx.jpg\",\"articleSection\":[\"Com'Landes au quotidien\"],\"inLanguage\":\"fr-FR\",\"potentialAction\":[{\"@type\":\"CommentAction\",\"name\":\"Comment\",\"target\":[\"https:\/\/comlandes.fr\/oeil-de-lynx\/#respond\"]}]},{\"@type\":\"WebPage\",\"@id\":\"https:\/\/comlandes.fr\/oeil-de-lynx\/\",\"url\":\"https:\/\/comlandes.fr\/oeil-de-lynx\/\",\"name\":\"\u0152il de lynx - Com&#039;Landes\",\"isPartOf\":{\"@id\":\"https:\/\/comlandes.fr\/fr_fr\/#website\"},\"primaryImageOfPage\":{\"@id\":\"https:\/\/comlandes.fr\/oeil-de-lynx\/#primaryimage\"},\"image\":{\"@id\":\"https:\/\/comlandes.fr\/oeil-de-lynx\/#primaryimage\"},\"thumbnailUrl\":\"https:\/\/comlandes.fr\/wp-content\/uploads\/2022\/06\/oeil-de-lynx.jpg\",\"datePublished\":\"2022-06-24T06:40:42+00:00\",\"breadcrumb\":{\"@id\":\"https:\/\/comlandes.fr\/oeil-de-lynx\/#breadcrumb\"},\"inLanguage\":\"fr-FR\",\"potentialAction\":[{\"@type\":\"ReadAction\",\"target\":[\"https:\/\/comlandes.fr\/oeil-de-lynx\/\"]}]},{\"@type\":\"ImageObject\",\"inLanguage\":\"fr-FR\",\"@id\":\"https:\/\/comlandes.fr\/oeil-de-lynx\/#primaryimage\",\"url\":\"https:\/\/comlandes.fr\/wp-content\/uploads\/2022\/06\/oeil-de-lynx.jpg\",\"contentUrl\":\"https:\/\/comlandes.fr\/wp-content\/uploads\/2022\/06\/oeil-de-lynx.jpg\",\"width\":1920,\"height\":1200,\"caption\":\"oeil de lynx\"},{\"@type\":\"BreadcrumbList\",\"@id\":\"https:\/\/comlandes.fr\/oeil-de-lynx\/#breadcrumb\",\"itemListElement\":[{\"@type\":\"ListItem\",\"position\":1,\"name\":\"Accueil\",\"item\":\"https:\/\/comlandes.fr\/fr_fr\/\"},{\"@type\":\"ListItem\",\"position\":2,\"name\":\"\u0152il de lynx\"}]},{\"@type\":\"WebSite\",\"@id\":\"https:\/\/comlandes.fr\/fr_fr\/#website\",\"url\":\"https:\/\/comlandes.fr\/fr_fr\/\",\"name\":\"Com'Landes\",\"description\":\"Nous organisons des \u00e9v\u00e9nements &amp; animations\",\"publisher\":{\"@id\":\"https:\/\/comlandes.fr\/fr_fr\/#organization\"},\"potentialAction\":[{\"@type\":\"SearchAction\",\"target\":{\"@type\":\"EntryPoint\",\"urlTemplate\":\"https:\/\/comlandes.fr\/fr_fr\/?s={search_term_string}\"},\"query-input\":{\"@type\":\"PropertyValueSpecification\",\"valueRequired\":true,\"valueName\":\"search_term_string\"}}],\"inLanguage\":\"fr-FR\"},{\"@type\":\"Organization\",\"@id\":\"https:\/\/comlandes.fr\/fr_fr\/#organization\",\"name\":\"Com'Landes\",\"url\":\"https:\/\/comlandes.fr\/fr_fr\/\",\"logo\":{\"@type\":\"ImageObject\",\"inLanguage\":\"fr-FR\",\"@id\":\"https:\/\/comlandes.fr\/fr_fr\/#\/schema\/logo\/image\/\",\"url\":\"https:\/\/comlandes.fr\/wp-content\/uploads\/2024\/04\/logo-comlandes.png\",\"contentUrl\":\"https:\/\/comlandes.fr\/wp-content\/uploads\/2024\/04\/logo-comlandes.png\",\"width\":512,\"height\":343,\"caption\":\"Com'Landes\"},\"image\":{\"@id\":\"https:\/\/comlandes.fr\/fr_fr\/#\/schema\/logo\/image\/\"},\"sameAs\":[\"https:\/\/web.facebook.com\/ComLandes?_rdc=1&_rdr\",\"https:\/\/www.instagram.com\/comlandesasso\/\",\"https:\/\/www.tiktok.com\/@com.landes?_t=8lW4JFzISlK&_r=1\"]},{\"@type\":\"Person\",\"@id\":\"https:\/\/comlandes.fr\/fr_fr\/#\/schema\/person\/d07b54c4dbc4cf35d59c7f0e888074c4\",\"name\":\"radodev\",\"image\":{\"@type\":\"ImageObject\",\"inLanguage\":\"fr-FR\",\"@id\":\"https:\/\/comlandes.fr\/fr_fr\/#\/schema\/person\/image\/\",\"url\":\"https:\/\/secure.gravatar.com\/avatar\/465d78aca137c6c5b01b9c5103f5caeeab327e9ea10a071f9ca341ea66038ad1?s=96&d=mm&r=g\",\"contentUrl\":\"https:\/\/secure.gravatar.com\/avatar\/465d78aca137c6c5b01b9c5103f5caeeab327e9ea10a071f9ca341ea66038ad1?s=96&d=mm&r=g\",\"caption\":\"radodev\"},\"sameAs\":[\"https:\/\/comlandes.fr\/\"],\"url\":\"https:\/\/comlandes.fr\/fr_fr\/author\/radodev\/\"}]}<\/script>\n<!-- \/ Yoast SEO plugin. -->","yoast_head_json":{"title":"\u0152il de lynx - Com&#039;Landes","robots":{"index":"index","follow":"follow","max-snippet":"max-snippet:-1","max-image-preview":"max-image-preview:large","max-video-preview":"max-video-preview:-1"},"canonical":"https:\/\/comlandes.fr\/fr_fr\/oeil-de-lynx\/","og_locale":"fr_FR","og_type":"article","og_title":"\u0152il de lynx - Com&#039;Landes","og_description":"Pour cette saison estivale, Com\u2019landes pr\u00e9voit de nombreux ateliers qui vous permettent d\u2019augmenter vos comp\u00e9tences. L\u2019association organise \u00e9galement un atelier photo qui va vous apprendre comment saisir une bonne image \u00e0 publier sur les r\u00e9seaux sociaux. Afin de vous mettre au parfum, voici ce que vous pourrez voir et apprendre durant cet atelier afin de [&hellip;]","og_url":"https:\/\/comlandes.fr\/fr_fr\/oeil-de-lynx\/","og_site_name":"Com&#039;Landes","article_publisher":"https:\/\/web.facebook.com\/ComLandes?_rdc=1&_rdr","article_published_time":"2022-06-24T06:40:42+00:00","og_image":[{"width":1920,"height":1200,"url":"https:\/\/comlandes.fr\/wp-content\/uploads\/2022\/06\/oeil-de-lynx.jpg","type":"image\/jpeg"}],"author":"radodev","twitter_card":"summary_large_image","twitter_misc":{"\u00c9crit par":"radodev","Dur\u00e9e de lecture estim\u00e9e":"3 minutes"},"schema":{"@context":"https:\/\/schema.org","@graph":[{"@type":"Article","@id":"https:\/\/comlandes.fr\/oeil-de-lynx\/#article","isPartOf":{"@id":"https:\/\/comlandes.fr\/oeil-de-lynx\/"},"author":{"name":"radodev","@id":"https:\/\/comlandes.fr\/fr_fr\/#\/schema\/person\/d07b54c4dbc4cf35d59c7f0e888074c4"},"headline":"\u0152il de lynx","datePublished":"2022-06-24T06:40:42+00:00","mainEntityOfPage":{"@id":"https:\/\/comlandes.fr\/oeil-de-lynx\/"},"wordCount":583,"commentCount":0,"publisher":{"@id":"https:\/\/comlandes.fr\/fr_fr\/#organization"},"image":{"@id":"https:\/\/comlandes.fr\/oeil-de-lynx\/#primaryimage"},"thumbnailUrl":"https:\/\/comlandes.fr\/wp-content\/uploads\/2022\/06\/oeil-de-lynx.jpg","articleSection":["Com'Landes au quotidien"],"inLanguage":"fr-FR","potentialAction":[{"@type":"CommentAction","name":"Comment","target":["https:\/\/comlandes.fr\/oeil-de-lynx\/#respond"]}]},{"@type":"WebPage","@id":"https:\/\/comlandes.fr\/oeil-de-lynx\/","url":"https:\/\/comlandes.fr\/oeil-de-lynx\/","name":"\u0152il de lynx - Com&#039;Landes","isPartOf":{"@id":"https:\/\/comlandes.fr\/fr_fr\/#website"},"primaryImageOfPage":{"@id":"https:\/\/comlandes.fr\/oeil-de-lynx\/#primaryimage"},"image":{"@id":"https:\/\/comlandes.fr\/oeil-de-lynx\/#primaryimage"},"thumbnailUrl":"https:\/\/comlandes.fr\/wp-content\/uploads\/2022\/06\/oeil-de-lynx.jpg","datePublished":"2022-06-24T06:40:42+00:00","breadcrumb":{"@id":"https:\/\/comlandes.fr\/oeil-de-lynx\/#breadcrumb"},"inLanguage":"fr-FR","potentialAction":[{"@type":"ReadAction","target":["https:\/\/comlandes.fr\/oeil-de-lynx\/"]}]},{"@type":"ImageObject","inLanguage":"fr-FR","@id":"https:\/\/comlandes.fr\/oeil-de-lynx\/#primaryimage","url":"https:\/\/comlandes.fr\/wp-content\/uploads\/2022\/06\/oeil-de-lynx.jpg","contentUrl":"https:\/\/comlandes.fr\/wp-content\/uploads\/2022\/06\/oeil-de-lynx.jpg","width":1920,"height":1200,"caption":"oeil de lynx"},{"@type":"BreadcrumbList","@id":"https:\/\/comlandes.fr\/oeil-de-lynx\/#breadcrumb","itemListElement":[{"@type":"ListItem","position":1,"name":"Accueil","item":"https:\/\/comlandes.fr\/fr_fr\/"},{"@type":"ListItem","position":2,"name":"\u0152il de lynx"}]},{"@type":"WebSite","@id":"https:\/\/comlandes.fr\/fr_fr\/#website","url":"https:\/\/comlandes.fr\/fr_fr\/","name":"Com'Landes","description":"Nous organisons des \u00e9v\u00e9nements &amp; animations","publisher":{"@id":"https:\/\/comlandes.fr\/fr_fr\/#organization"},"potentialAction":[{"@type":"SearchAction","target":{"@type":"EntryPoint","urlTemplate":"https:\/\/comlandes.fr\/fr_fr\/?s={search_term_string}"},"query-input":{"@type":"PropertyValueSpecification","valueRequired":true,"valueName":"search_term_string"}}],"inLanguage":"fr-FR"},{"@type":"Organization","@id":"https:\/\/comlandes.fr\/fr_fr\/#organization","name":"Com'Landes","url":"https:\/\/comlandes.fr\/fr_fr\/","logo":{"@type":"ImageObject","inLanguage":"fr-FR","@id":"https:\/\/comlandes.fr\/fr_fr\/#\/schema\/logo\/image\/","url":"https:\/\/comlandes.fr\/wp-content\/uploads\/2024\/04\/logo-comlandes.png","contentUrl":"https:\/\/comlandes.fr\/wp-content\/uploads\/2024\/04\/logo-comlandes.png","width":512,"height":343,"caption":"Com'Landes"},"image":{"@id":"https:\/\/comlandes.fr\/fr_fr\/#\/schema\/logo\/image\/"},"sameAs":["https:\/\/web.facebook.com\/ComLandes?_rdc=1&_rdr","https:\/\/www.instagram.com\/comlandesasso\/","https:\/\/www.tiktok.com\/@com.landes?_t=8lW4JFzISlK&_r=1"]},{"@type":"Person","@id":"https:\/\/comlandes.fr\/fr_fr\/#\/schema\/person\/d07b54c4dbc4cf35d59c7f0e888074c4","name":"radodev","image":{"@type":"ImageObject","inLanguage":"fr-FR","@id":"https:\/\/comlandes.fr\/fr_fr\/#\/schema\/person\/image\/","url":"https:\/\/secure.gravatar.com\/avatar\/465d78aca137c6c5b01b9c5103f5caeeab327e9ea10a071f9ca341ea66038ad1?s=96&d=mm&r=g","contentUrl":"https:\/\/secure.gravatar.com\/avatar\/465d78aca137c6c5b01b9c5103f5caeeab327e9ea10a071f9ca341ea66038ad1?s=96&d=mm&r=g","caption":"radodev"},"sameAs":["https:\/\/comlandes.fr\/"],"url":"https:\/\/comlandes.fr\/fr_fr\/author\/radodev\/"}]}},"_links":{"self":[{"href":"https:\/\/comlandes.fr\/fr_fr\/wp-json\/wp\/v2\/posts\/4223","targetHints":{"allow":["GET"]}}],"collection":[{"href":"https:\/\/comlandes.fr\/fr_fr\/wp-json\/wp\/v2\/posts"}],"about":[{"href":"https:\/\/comlandes.fr\/fr_fr\/wp-json\/wp\/v2\/types\/post"}],"author":[{"embeddable":true,"href":"https:\/\/comlandes.fr\/fr_fr\/wp-json\/wp\/v2\/users\/1"}],"replies":[{"embeddable":true,"href":"https:\/\/comlandes.fr\/fr_fr\/wp-json\/wp\/v2\/comments?post=4223"}],"version-history":[{"count":0,"href":"https:\/\/comlandes.fr\/fr_fr\/wp-json\/wp\/v2\/posts\/4223\/revisions"}],"wp:featuredmedia":[{"embeddable":true,"href":"https:\/\/comlandes.fr\/fr_fr\/wp-json\/wp\/v2\/media\/4224"}],"wp:attachment":[{"href":"https:\/\/comlandes.fr\/fr_fr\/wp-json\/wp\/v2\/media?parent=4223"}],"wp:term":[{"taxonomy":"category","embeddable":true,"href":"https:\/\/comlandes.fr\/fr_fr\/wp-json\/wp\/v2\/categories?post=4223"},{"taxonomy":"post_tag","embeddable":true,"href":"https:\/\/comlandes.fr\/fr_fr\/wp-json\/wp\/v2\/tags?post=4223"}],"curies":[{"name":"wp","href":"https:\/\/api.w.org\/{rel}","templated":true}]}}