{"id":4554,"date":"2023-07-02T09:53:09","date_gmt":"2023-07-02T07:53:09","guid":{"rendered":"https:\/\/www.comlandes.fr\/?p=4554"},"modified":"2023-07-02T09:53:09","modified_gmt":"2023-07-02T07:53:09","slug":"nouvelle-saison-a-moliets-avec-comlandes","status":"publish","type":"post","link":"https:\/\/comlandes.fr\/fr_fr\/nouvelle-saison-a-moliets-avec-comlandes\/","title":{"rendered":"NOUVELLE SAISON \u00c0 MOLIETS AVEC COM\u2019LANDES"},"content":{"rendered":"\n<p>Cet \u00e9t\u00e9, l\u2019association Com\u2019Landes organise plusieurs activit\u00e9s et animations pour les vacanciers, touristes et locaux \u00e0 Moliets.<\/p>\n\n\n\n<figure class=\"wp-block-image size-full is-resized\"><img loading=\"lazy\" decoding=\"async\" src=\"https:\/\/comlandes.fr\/new\/wp-content\/uploads\/2023\/07\/coucher-du-soleil-moliets-2.jpg\" alt=\"coucher du soleil moliets 2\" class=\"wp-image-4557\" width=\"817\" height=\"612\" srcset=\"https:\/\/comlandes.fr\/new\/wp-content\/uploads\/2023\/07\/coucher-du-soleil-moliets-2.jpg 817w, https:\/\/comlandes.fr\/new\/wp-content\/uploads\/2023\/07\/coucher-du-soleil-moliets-2-480x360.jpg 480w\" sizes=\"(min-width: 0px) and (max-width: 480px) 480px, (min-width: 481px) 817px, 100vw\" \/><\/figure>\n\n\n\n<h2 class=\"wp-block-heading\">La saison estivale 2023 \u00e0 Moliets avec Com\u2019Landes&nbsp;<\/h2>\n\n\n\n<p>Moliets fait partie des destinations de vacances les plus populaires des Landes. Tr\u00e8s fr\u00e9quent\u00e9e en \u00e9t\u00e9, ce village accueille tous les ans des milliers de touristes et de vacanciers.&nbsp;<\/p>\n\n\n\n<p>Pour permettre aux visiteurs de passer un s\u00e9jour inoubliable, cet \u00e9t\u00e9, Com\u2019Landes, une association loi 1901 bas\u00e9e dans les Landes \u00e0 Moliets,&nbsp; propose diff\u00e9rentes animations sportives et culturelles.<s> <\/s><\/p>\n\n\n\n<h2 class=\"wp-block-heading\">Com\u2019Landes pr\u00e9voit diff\u00e9rents types d\u2019activit\u00e9s et d\u2019animations cet \u00e9t\u00e9&nbsp;<\/h2>\n\n\n\n<p>Cette ann\u00e9e, les vacances \u00e0 Moliets avec Com\u2019Landes promettent d\u2019\u00eatre riches en surprises et en aventures. Au programme de la saison, des s\u00e9ances Yoga encadr\u00e9s par Ana\u00efs, dipl\u00f4m\u00e9e, des balades \u00e0 v\u00e9lo avec d\u00e9gustation avec Isabel notre guide, des activit\u00e9s Beach Sport avec S\u00e9bastien et son \u00e9quipe ainsi que du beach soccer avec le FC M\u00e8es, des s\u00e9ances de cardio-training, du pilates avec un coach dipl\u00f4m\u00e9e Sylvie, des spectacles et des concerts vari\u00e9s. Vacanciers et touristes trouveront tout sur un seul lieu. D\u2019ailleurs, Com\u2019Landes organisera une nouvelle activit\u00e9 cette ann\u00e9e un escape game ext\u00e9rieur : War of Throne. Cet escape de nouveau genre, m\u00e9lange le patrimoine, la langue gascogne, et l\u2019histoire des Landes tout en visitant Moliets. Activit\u00e9s \u00e0 faire en famille. Billetterie \u00e0 l\u2019office de tourisme de Moliets.<\/p>\n\n\n\n<p>Sans oublier le festival de bi\u00e8re \u00ab\u00a0troquet vagabond\u00a0\u00bb qui fut un succ\u00e8s durant la saison 2022 sera de retour cette ann\u00e9e avec de nombreuses surprises et nouveaut\u00e9s.<\/p>\n\n\n\n<h2 class=\"wp-block-heading\">Les&nbsp; activit\u00e9s et animations organis\u00e9s par Com\u2019Landes auront lieu \u00e0 plusieurs endroits<\/h2>\n\n\n\n<p>La majorit\u00e9 des activit\u00e9s organis\u00e9es par Com\u2019Landes se feront sur la plage Centrale. Un point information sera install\u00e9 sur la plage centrale afin de donner le maximum d\u2019informations aux touristes mais \u00e9galement des points infos \u00e9ph\u00e9m\u00e8res lors des march\u00e9s. <\/p>\n\n\n\n<p>L\u2019ap\u00e9ro gourmand \u00e0 v\u00e9lo, la balade d\u00e9bute \u00e0 l\u2019office du tourisme avec un tour du village pour ensuite se diriger \u00e0 Messanges avec diff\u00e9rents arr\u00eats aupr\u00e8s de commer\u00e7ants. <\/p>\n\n\n\n<p>Les&nbsp; spectacles et concerts se font \u00e0 la Bastide.<\/p>\n\n\n\n<h2 class=\"wp-block-heading\">La saison estivale 2023 \u00e0 Moliets avec Com\u2019Landes d\u00e9but le 01 juillet et se termine le 31 Ao\u00fbt 2023<\/h2>\n\n\n\n<p>Les vacances \u00e0 Moliets avec Com\u2019Landes commencent le 01 juillet et se terminent le 31 Ao\u00fbt 2023. Des activit\u00e9s et des animations sont pr\u00e9vues tous les jours. Les programmes hebdomadaires sont d\u00e9j\u00e0 disponibles sur le site de Com\u2019Landes, les affiches chez les commer\u00e7ants, les brochures chez les h\u00e9bergeurs. <\/p>\n\n\n\n<p>Il est \u00e9galement conseill\u00e9 de suivre les r\u00e9seaux sociaux de l\u2019association (Facebook&nbsp;: Comlandes asso, Instagram&nbsp;: Comlandes) et les groupes facebook \u00ab&nbsp;Mes Vacances \u00e0 Moliets&nbsp;\u00bb, \u00ab&nbsp;Landes \u00e9v\u00e9nements&nbsp;\u00bb pour ne rien rater.  Un groupe whatsapp, est \u00e9galement \u00e0 votre disposition.<\/p>\n\n\n\n<p><strong>Avec Com&rsquo;Landes vous ne pouvez pas \u00ab\u00a0rater les animations\u00a0\u00bb. <\/strong><\/p>\n\n\n\n<h2 class=\"wp-block-heading\">Les activit\u00e9s et animations organis\u00e9s par Com\u2019Landes conviennent \u00e0 tout le monde&nbsp;<\/h2>\n\n\n\n<p>Pour satisfaire le maximum de vacanciers et touristes, les activit\u00e9s et animations organis\u00e9es par Com\u2019Landes sont adapt\u00e9es \u00e0 toutes les cat\u00e9gories de personnes (adulte, jeune, enfant, etc.). Seul, entre amis ou en famille, c\u2019est la bonne ambiance qui sera au rendez-vous pour cette nouvelle saison \u00e0 Moliets.<\/p>\n","protected":false},"excerpt":{"rendered":"<p>Cet \u00e9t\u00e9, l\u2019association Com\u2019Landes organise plusieurs activit\u00e9s et animations pour les vacanciers, touristes et locaux \u00e0 Moliets. La saison estivale 2023 \u00e0 Moliets avec Com\u2019Landes&nbsp; Moliets fait partie des destinations de vacances les plus populaires des Landes. Tr\u00e8s fr\u00e9quent\u00e9e en \u00e9t\u00e9, ce village accueille tous les ans des milliers de touristes et de vacanciers.&nbsp; Pour [&hellip;]<\/p>\n","protected":false},"author":1,"featured_media":0,"comment_status":"open","ping_status":"open","sticky":false,"template":"","format":"standard","meta":{"_et_pb_use_builder":"","_et_pb_old_content":"","_et_gb_content_width":"","footnotes":""},"categories":[1],"tags":[],"class_list":["post-4554","post","type-post","status-publish","format-standard","hentry","category-non-classe"],"yoast_head":"<!-- This site is optimized with the Yoast SEO plugin v25.4 - https:\/\/yoast.com\/wordpress\/plugins\/seo\/ -->\n<title>NOUVELLE SAISON \u00c0 MOLIETS AVEC COM\u2019LANDES - Com&#039;Landes<\/title>\n<meta name=\"description\" content=\"Cet \u00e9t\u00e9, l\u2019association Com\u2019Landes organise plusieurs activit\u00e9s et animations pour les vacanciers, touristes et locaux \u00e0 Moliets.\" \/>\n<meta name=\"robots\" content=\"index, follow, max-snippet:-1, max-image-preview:large, max-video-preview:-1\" \/>\n<link rel=\"canonical\" href=\"https:\/\/comlandes.fr\/fr_fr\/nouvelle-saison-a-moliets-avec-comlandes\/\" \/>\n<meta property=\"og:locale\" content=\"fr_FR\" \/>\n<meta property=\"og:type\" content=\"article\" \/>\n<meta property=\"og:title\" content=\"NOUVELLE SAISON \u00c0 MOLIETS AVEC COM\u2019LANDES - Com&#039;Landes\" \/>\n<meta property=\"og:description\" content=\"Cet \u00e9t\u00e9, l\u2019association Com\u2019Landes organise plusieurs activit\u00e9s et animations pour les vacanciers, touristes et locaux \u00e0 Moliets.\" \/>\n<meta property=\"og:url\" content=\"https:\/\/comlandes.fr\/fr_fr\/nouvelle-saison-a-moliets-avec-comlandes\/\" \/>\n<meta property=\"og:site_name\" content=\"Com&#039;Landes\" \/>\n<meta property=\"article:publisher\" content=\"https:\/\/web.facebook.com\/ComLandes?_rdc=1&amp;_rdr\" \/>\n<meta property=\"article:published_time\" content=\"2023-07-02T07:53:09+00:00\" \/>\n<meta property=\"og:image\" content=\"https:\/\/comlandes.fr\/new\/wp-content\/uploads\/2023\/07\/coucher-du-soleil-moliets-2.jpg\" \/>\n<meta name=\"author\" content=\"radodev\" \/>\n<meta name=\"twitter:card\" content=\"summary_large_image\" \/>\n<meta name=\"twitter:label1\" content=\"\u00c9crit par\" \/>\n\t<meta name=\"twitter:data1\" content=\"radodev\" \/>\n\t<meta name=\"twitter:label2\" content=\"Dur\u00e9e de lecture estim\u00e9e\" \/>\n\t<meta name=\"twitter:data2\" content=\"3 minutes\" \/>\n<script type=\"application\/ld+json\" class=\"yoast-schema-graph\">{\"@context\":\"https:\/\/schema.org\",\"@graph\":[{\"@type\":\"Article\",\"@id\":\"https:\/\/comlandes.fr\/nouvelle-saison-a-moliets-avec-comlandes\/#article\",\"isPartOf\":{\"@id\":\"https:\/\/comlandes.fr\/nouvelle-saison-a-moliets-avec-comlandes\/\"},\"author\":{\"name\":\"radodev\",\"@id\":\"https:\/\/comlandes.fr\/fr_fr\/#\/schema\/person\/d07b54c4dbc4cf35d59c7f0e888074c4\"},\"headline\":\"NOUVELLE SAISON \u00c0 MOLIETS AVEC COM\u2019LANDES\",\"datePublished\":\"2023-07-02T07:53:09+00:00\",\"mainEntityOfPage\":{\"@id\":\"https:\/\/comlandes.fr\/nouvelle-saison-a-moliets-avec-comlandes\/\"},\"wordCount\":586,\"commentCount\":0,\"publisher\":{\"@id\":\"https:\/\/comlandes.fr\/fr_fr\/#organization\"},\"image\":{\"@id\":\"https:\/\/comlandes.fr\/nouvelle-saison-a-moliets-avec-comlandes\/#primaryimage\"},\"thumbnailUrl\":\"https:\/\/comlandes.fr\/new\/wp-content\/uploads\/2023\/07\/coucher-du-soleil-moliets-2.jpg\",\"inLanguage\":\"fr-FR\",\"potentialAction\":[{\"@type\":\"CommentAction\",\"name\":\"Comment\",\"target\":[\"https:\/\/comlandes.fr\/nouvelle-saison-a-moliets-avec-comlandes\/#respond\"]}]},{\"@type\":\"WebPage\",\"@id\":\"https:\/\/comlandes.fr\/nouvelle-saison-a-moliets-avec-comlandes\/\",\"url\":\"https:\/\/comlandes.fr\/nouvelle-saison-a-moliets-avec-comlandes\/\",\"name\":\"NOUVELLE SAISON \u00c0 MOLIETS AVEC COM\u2019LANDES - Com&#039;Landes\",\"isPartOf\":{\"@id\":\"https:\/\/comlandes.fr\/fr_fr\/#website\"},\"primaryImageOfPage\":{\"@id\":\"https:\/\/comlandes.fr\/nouvelle-saison-a-moliets-avec-comlandes\/#primaryimage\"},\"image\":{\"@id\":\"https:\/\/comlandes.fr\/nouvelle-saison-a-moliets-avec-comlandes\/#primaryimage\"},\"thumbnailUrl\":\"https:\/\/comlandes.fr\/new\/wp-content\/uploads\/2023\/07\/coucher-du-soleil-moliets-2.jpg\",\"datePublished\":\"2023-07-02T07:53:09+00:00\",\"description\":\"Cet \u00e9t\u00e9, l\u2019association Com\u2019Landes organise plusieurs activit\u00e9s et animations pour les vacanciers, touristes et locaux \u00e0 Moliets.\",\"breadcrumb\":{\"@id\":\"https:\/\/comlandes.fr\/nouvelle-saison-a-moliets-avec-comlandes\/#breadcrumb\"},\"inLanguage\":\"fr-FR\",\"potentialAction\":[{\"@type\":\"ReadAction\",\"target\":[\"https:\/\/comlandes.fr\/nouvelle-saison-a-moliets-avec-comlandes\/\"]}]},{\"@type\":\"ImageObject\",\"inLanguage\":\"fr-FR\",\"@id\":\"https:\/\/comlandes.fr\/nouvelle-saison-a-moliets-avec-comlandes\/#primaryimage\",\"url\":\"https:\/\/comlandes.fr\/new\/wp-content\/uploads\/2023\/07\/coucher-du-soleil-moliets-2.jpg\",\"contentUrl\":\"https:\/\/comlandes.fr\/new\/wp-content\/uploads\/2023\/07\/coucher-du-soleil-moliets-2.jpg\"},{\"@type\":\"BreadcrumbList\",\"@id\":\"https:\/\/comlandes.fr\/nouvelle-saison-a-moliets-avec-comlandes\/#breadcrumb\",\"itemListElement\":[{\"@type\":\"ListItem\",\"position\":1,\"name\":\"Accueil\",\"item\":\"https:\/\/comlandes.fr\/fr_fr\/\"},{\"@type\":\"ListItem\",\"position\":2,\"name\":\"NOUVELLE SAISON \u00c0 MOLIETS AVEC COM\u2019LANDES\"}]},{\"@type\":\"WebSite\",\"@id\":\"https:\/\/comlandes.fr\/fr_fr\/#website\",\"url\":\"https:\/\/comlandes.fr\/fr_fr\/\",\"name\":\"Com'Landes\",\"description\":\"Nous organisons des \u00e9v\u00e9nements &amp; animations\",\"publisher\":{\"@id\":\"https:\/\/comlandes.fr\/fr_fr\/#organization\"},\"potentialAction\":[{\"@type\":\"SearchAction\",\"target\":{\"@type\":\"EntryPoint\",\"urlTemplate\":\"https:\/\/comlandes.fr\/fr_fr\/?s={search_term_string}\"},\"query-input\":{\"@type\":\"PropertyValueSpecification\",\"valueRequired\":true,\"valueName\":\"search_term_string\"}}],\"inLanguage\":\"fr-FR\"},{\"@type\":\"Organization\",\"@id\":\"https:\/\/comlandes.fr\/fr_fr\/#organization\",\"name\":\"Com'Landes\",\"url\":\"https:\/\/comlandes.fr\/fr_fr\/\",\"logo\":{\"@type\":\"ImageObject\",\"inLanguage\":\"fr-FR\",\"@id\":\"https:\/\/comlandes.fr\/fr_fr\/#\/schema\/logo\/image\/\",\"url\":\"https:\/\/comlandes.fr\/wp-content\/uploads\/2024\/04\/logo-comlandes.png\",\"contentUrl\":\"https:\/\/comlandes.fr\/wp-content\/uploads\/2024\/04\/logo-comlandes.png\",\"width\":512,\"height\":343,\"caption\":\"Com'Landes\"},\"image\":{\"@id\":\"https:\/\/comlandes.fr\/fr_fr\/#\/schema\/logo\/image\/\"},\"sameAs\":[\"https:\/\/web.facebook.com\/ComLandes?_rdc=1&_rdr\",\"https:\/\/www.instagram.com\/comlandesasso\/\",\"https:\/\/www.tiktok.com\/@com.landes?_t=8lW4JFzISlK&_r=1\"]},{\"@type\":\"Person\",\"@id\":\"https:\/\/comlandes.fr\/fr_fr\/#\/schema\/person\/d07b54c4dbc4cf35d59c7f0e888074c4\",\"name\":\"radodev\",\"image\":{\"@type\":\"ImageObject\",\"inLanguage\":\"fr-FR\",\"@id\":\"https:\/\/comlandes.fr\/fr_fr\/#\/schema\/person\/image\/\",\"url\":\"https:\/\/secure.gravatar.com\/avatar\/465d78aca137c6c5b01b9c5103f5caeeab327e9ea10a071f9ca341ea66038ad1?s=96&d=mm&r=g\",\"contentUrl\":\"https:\/\/secure.gravatar.com\/avatar\/465d78aca137c6c5b01b9c5103f5caeeab327e9ea10a071f9ca341ea66038ad1?s=96&d=mm&r=g\",\"caption\":\"radodev\"},\"sameAs\":[\"https:\/\/comlandes.fr\/\"],\"url\":\"https:\/\/comlandes.fr\/fr_fr\/author\/radodev\/\"}]}<\/script>\n<!-- \/ Yoast SEO plugin. -->","yoast_head_json":{"title":"NOUVELLE SAISON \u00c0 MOLIETS AVEC COM\u2019LANDES - Com&#039;Landes","description":"Cet \u00e9t\u00e9, l\u2019association Com\u2019Landes organise plusieurs activit\u00e9s et animations pour les vacanciers, touristes et locaux \u00e0 Moliets.","robots":{"index":"index","follow":"follow","max-snippet":"max-snippet:-1","max-image-preview":"max-image-preview:large","max-video-preview":"max-video-preview:-1"},"canonical":"https:\/\/comlandes.fr\/fr_fr\/nouvelle-saison-a-moliets-avec-comlandes\/","og_locale":"fr_FR","og_type":"article","og_title":"NOUVELLE SAISON \u00c0 MOLIETS AVEC COM\u2019LANDES - Com&#039;Landes","og_description":"Cet \u00e9t\u00e9, l\u2019association Com\u2019Landes organise plusieurs activit\u00e9s et animations pour les vacanciers, touristes et locaux \u00e0 Moliets.","og_url":"https:\/\/comlandes.fr\/fr_fr\/nouvelle-saison-a-moliets-avec-comlandes\/","og_site_name":"Com&#039;Landes","article_publisher":"https:\/\/web.facebook.com\/ComLandes?_rdc=1&_rdr","article_published_time":"2023-07-02T07:53:09+00:00","og_image":[{"url":"https:\/\/comlandes.fr\/new\/wp-content\/uploads\/2023\/07\/coucher-du-soleil-moliets-2.jpg","type":"","width":"","height":""}],"author":"radodev","twitter_card":"summary_large_image","twitter_misc":{"\u00c9crit par":"radodev","Dur\u00e9e de lecture estim\u00e9e":"3 minutes"},"schema":{"@context":"https:\/\/schema.org","@graph":[{"@type":"Article","@id":"https:\/\/comlandes.fr\/nouvelle-saison-a-moliets-avec-comlandes\/#article","isPartOf":{"@id":"https:\/\/comlandes.fr\/nouvelle-saison-a-moliets-avec-comlandes\/"},"author":{"name":"radodev","@id":"https:\/\/comlandes.fr\/fr_fr\/#\/schema\/person\/d07b54c4dbc4cf35d59c7f0e888074c4"},"headline":"NOUVELLE SAISON \u00c0 MOLIETS AVEC COM\u2019LANDES","datePublished":"2023-07-02T07:53:09+00:00","mainEntityOfPage":{"@id":"https:\/\/comlandes.fr\/nouvelle-saison-a-moliets-avec-comlandes\/"},"wordCount":586,"commentCount":0,"publisher":{"@id":"https:\/\/comlandes.fr\/fr_fr\/#organization"},"image":{"@id":"https:\/\/comlandes.fr\/nouvelle-saison-a-moliets-avec-comlandes\/#primaryimage"},"thumbnailUrl":"https:\/\/comlandes.fr\/new\/wp-content\/uploads\/2023\/07\/coucher-du-soleil-moliets-2.jpg","inLanguage":"fr-FR","potentialAction":[{"@type":"CommentAction","name":"Comment","target":["https:\/\/comlandes.fr\/nouvelle-saison-a-moliets-avec-comlandes\/#respond"]}]},{"@type":"WebPage","@id":"https:\/\/comlandes.fr\/nouvelle-saison-a-moliets-avec-comlandes\/","url":"https:\/\/comlandes.fr\/nouvelle-saison-a-moliets-avec-comlandes\/","name":"NOUVELLE SAISON \u00c0 MOLIETS AVEC COM\u2019LANDES - Com&#039;Landes","isPartOf":{"@id":"https:\/\/comlandes.fr\/fr_fr\/#website"},"primaryImageOfPage":{"@id":"https:\/\/comlandes.fr\/nouvelle-saison-a-moliets-avec-comlandes\/#primaryimage"},"image":{"@id":"https:\/\/comlandes.fr\/nouvelle-saison-a-moliets-avec-comlandes\/#primaryimage"},"thumbnailUrl":"https:\/\/comlandes.fr\/new\/wp-content\/uploads\/2023\/07\/coucher-du-soleil-moliets-2.jpg","datePublished":"2023-07-02T07:53:09+00:00","description":"Cet \u00e9t\u00e9, l\u2019association Com\u2019Landes organise plusieurs activit\u00e9s et animations pour les vacanciers, touristes et locaux \u00e0 Moliets.","breadcrumb":{"@id":"https:\/\/comlandes.fr\/nouvelle-saison-a-moliets-avec-comlandes\/#breadcrumb"},"inLanguage":"fr-FR","potentialAction":[{"@type":"ReadAction","target":["https:\/\/comlandes.fr\/nouvelle-saison-a-moliets-avec-comlandes\/"]}]},{"@type":"ImageObject","inLanguage":"fr-FR","@id":"https:\/\/comlandes.fr\/nouvelle-saison-a-moliets-avec-comlandes\/#primaryimage","url":"https:\/\/comlandes.fr\/new\/wp-content\/uploads\/2023\/07\/coucher-du-soleil-moliets-2.jpg","contentUrl":"https:\/\/comlandes.fr\/new\/wp-content\/uploads\/2023\/07\/coucher-du-soleil-moliets-2.jpg"},{"@type":"BreadcrumbList","@id":"https:\/\/comlandes.fr\/nouvelle-saison-a-moliets-avec-comlandes\/#breadcrumb","itemListElement":[{"@type":"ListItem","position":1,"name":"Accueil","item":"https:\/\/comlandes.fr\/fr_fr\/"},{"@type":"ListItem","position":2,"name":"NOUVELLE SAISON \u00c0 MOLIETS AVEC COM\u2019LANDES"}]},{"@type":"WebSite","@id":"https:\/\/comlandes.fr\/fr_fr\/#website","url":"https:\/\/comlandes.fr\/fr_fr\/","name":"Com'Landes","description":"Nous organisons des \u00e9v\u00e9nements &amp; animations","publisher":{"@id":"https:\/\/comlandes.fr\/fr_fr\/#organization"},"potentialAction":[{"@type":"SearchAction","target":{"@type":"EntryPoint","urlTemplate":"https:\/\/comlandes.fr\/fr_fr\/?s={search_term_string}"},"query-input":{"@type":"PropertyValueSpecification","valueRequired":true,"valueName":"search_term_string"}}],"inLanguage":"fr-FR"},{"@type":"Organization","@id":"https:\/\/comlandes.fr\/fr_fr\/#organization","name":"Com'Landes","url":"https:\/\/comlandes.fr\/fr_fr\/","logo":{"@type":"ImageObject","inLanguage":"fr-FR","@id":"https:\/\/comlandes.fr\/fr_fr\/#\/schema\/logo\/image\/","url":"https:\/\/comlandes.fr\/wp-content\/uploads\/2024\/04\/logo-comlandes.png","contentUrl":"https:\/\/comlandes.fr\/wp-content\/uploads\/2024\/04\/logo-comlandes.png","width":512,"height":343,"caption":"Com'Landes"},"image":{"@id":"https:\/\/comlandes.fr\/fr_fr\/#\/schema\/logo\/image\/"},"sameAs":["https:\/\/web.facebook.com\/ComLandes?_rdc=1&_rdr","https:\/\/www.instagram.com\/comlandesasso\/","https:\/\/www.tiktok.com\/@com.landes?_t=8lW4JFzISlK&_r=1"]},{"@type":"Person","@id":"https:\/\/comlandes.fr\/fr_fr\/#\/schema\/person\/d07b54c4dbc4cf35d59c7f0e888074c4","name":"radodev","image":{"@type":"ImageObject","inLanguage":"fr-FR","@id":"https:\/\/comlandes.fr\/fr_fr\/#\/schema\/person\/image\/","url":"https:\/\/secure.gravatar.com\/avatar\/465d78aca137c6c5b01b9c5103f5caeeab327e9ea10a071f9ca341ea66038ad1?s=96&d=mm&r=g","contentUrl":"https:\/\/secure.gravatar.com\/avatar\/465d78aca137c6c5b01b9c5103f5caeeab327e9ea10a071f9ca341ea66038ad1?s=96&d=mm&r=g","caption":"radodev"},"sameAs":["https:\/\/comlandes.fr\/"],"url":"https:\/\/comlandes.fr\/fr_fr\/author\/radodev\/"}]}},"_links":{"self":[{"href":"https:\/\/comlandes.fr\/fr_fr\/wp-json\/wp\/v2\/posts\/4554","targetHints":{"allow":["GET"]}}],"collection":[{"href":"https:\/\/comlandes.fr\/fr_fr\/wp-json\/wp\/v2\/posts"}],"about":[{"href":"https:\/\/comlandes.fr\/fr_fr\/wp-json\/wp\/v2\/types\/post"}],"author":[{"embeddable":true,"href":"https:\/\/comlandes.fr\/fr_fr\/wp-json\/wp\/v2\/users\/1"}],"replies":[{"embeddable":true,"href":"https:\/\/comlandes.fr\/fr_fr\/wp-json\/wp\/v2\/comments?post=4554"}],"version-history":[{"count":0,"href":"https:\/\/comlandes.fr\/fr_fr\/wp-json\/wp\/v2\/posts\/4554\/revisions"}],"wp:attachment":[{"href":"https:\/\/comlandes.fr\/fr_fr\/wp-json\/wp\/v2\/media?parent=4554"}],"wp:term":[{"taxonomy":"category","embeddable":true,"href":"https:\/\/comlandes.fr\/fr_fr\/wp-json\/wp\/v2\/categories?post=4554"},{"taxonomy":"post_tag","embeddable":true,"href":"https:\/\/comlandes.fr\/fr_fr\/wp-json\/wp\/v2\/tags?post=4554"}],"curies":[{"name":"wp","href":"https:\/\/api.w.org\/{rel}","templated":true}]}}