{"id":6481,"date":"2024-08-07T10:12:37","date_gmt":"2024-08-07T08:12:37","guid":{"rendered":"https:\/\/comlandes.fr\/?p=6481"},"modified":"2024-08-07T10:12:37","modified_gmt":"2024-08-07T08:12:37","slug":"comment-organiser-ses-vacances-a-moliets-et-passer-un-sejour-inoubliable-dans-la-ville","status":"publish","type":"post","link":"https:\/\/comlandes.fr\/fr_fr\/comment-organiser-ses-vacances-a-moliets-et-passer-un-sejour-inoubliable-dans-la-ville\/","title":{"rendered":"Comment organiser ses vacances \u00e0 Moliets et passer un s\u00e9jour inoubliable dans la ville ?"},"content":{"rendered":"<p>Moliets-et-Maa, cette petite perle des Landes, vous tend les bras pour des vacances inoubliables, que ce soit en famille, entre amis ou m\u00eame en solo. Entre plages immenses, for\u00eats de pins et activit\u00e9s vari\u00e9es, vous ne risquez pas de vous ennuyer. Mais comment organiser au mieux votre s\u00e9jour dans cette magnifique ville ? Voici nos conseils et astuces\u00a0!<\/p>\n<h2>Quand partir en vacances \u00e0 Moliets ?<\/h2>\n<p>Vous pouvez s\u00e9journer \u00e0 Moliets toute l\u2019ann\u00e9e. Mais les p\u00e9riodes les plus conseill\u00e9es sont durant les mois les plus chauds. Juillet et ao\u00fbt sont les mois les plus pris\u00e9s, id\u00e9aux pour profiter de la plage et des activit\u00e9s nautiques.<\/p>\n<p>Pour plus de tranquillit\u00e9, les mois de juin et septembre offrent aussi un climat agr\u00e9able et moins de monde. Les surfeurs appr\u00e9cieront, quant \u00e0 eux, le printemps et l&rsquo;automne, avec leurs vagues puissantes.<\/p>\n<h2>O\u00f9 se loger durant ses vacances \u00e0 Moliets ?<\/h2>\n<p>Moliets offre aux estivants diverses options d\u2019h\u00e9bergement. Durant vos vacances \u00e0 Moliets, vous pouvez vous loger dans des campings, dans des h\u00f4tels ou des locations saisonni\u00e8res. \u00c0 Moliets, les campings sont nombreux et bien \u00e9quip\u00e9s. Ils sont parfaits pour les familles et les budgets serr\u00e9s. Les h\u00f4tels se distinguent en diff\u00e9rentes cat\u00e9gories. De l&rsquo;h\u00f4tel de charme \u00e0 la r\u00e9sidence de tourisme, vous trouverez forc\u00e9ment l&rsquo;h\u00e9bergement qui vous convient. Concernant la location saisonni\u00e8re, vous pouvez opter pour des appartements, maisons, villas, selon votre budget. Ce type d\u2019h\u00e9bergement offre plus d&rsquo;ind\u00e9pendance et de confort.<\/p>\n<h2>Que faire \u00e0 Moliets ?<\/h2>\n<p>Moliets propose aux estivants diverses activit\u00e9s\u00a0:<\/p>\n<ul>\n<li>Les plages : \u00e9tendues sur plusieurs kilom\u00e8tres, elles sont id\u00e9ales pour se d\u00e9tendre, se baigner, pratiquer des <a href=\"http:\/\/comlandes.fr\/fr_fr\/%C3%A9v%C3%A9nement\/tournois-beach-sports-dimanche\/\">beach sports<\/a> ou tout simplement bronzer.<\/li>\n<li>La nature : la r\u00e9serve naturelle du courant de Huchet est un incontournable. Vous pourrez y faire des balades en bateau pour admirer la beaut\u00e9 des lieux.<\/li>\n<li>Le golf : le golf de Moliets est un 18 trous r\u00e9put\u00e9, parfait pour les amateurs de la petite balle blanche.<\/li>\n<li>Les activit\u00e9s nautiques : surf, paddle, voile, catamaran&#8230; Les possibilit\u00e9s sont nombreuses pour s&rsquo;amuser sur l&rsquo;oc\u00e9an.<\/li>\n<li>Les loisirs : randonn\u00e9es p\u00e9destres ou ap\u00e9ro gourmand \u00e0 v\u00e9lo, tennis, \u00e9quitation, p\u00eache&#8230; Il y en a pour tous les go\u00fbts.<\/li>\n<li>Les soir\u00e9es : Moliets propose une vie nocturne anim\u00e9e avec ses bars, ses restaurants et ses discoth\u00e8ques. Durant la saison estivale, <a href=\"http:\/\/comlandes.fr\/fr_fr\/%C3%A9v%C3%A9nement\/tournois-beach-sports-dimanche\/\">l\u2019association Com\u2019Landes<\/a> organise divers concerts avec des artistes populaires et des animations qui se d\u00e9roulent le soir.<\/li>\n<\/ul>\n<h2>Que manger \u00e0 Moliets ?<\/h2>\n<p>La gastronomie landaise est riche et savoureuse. Durant vos vacances \u00e0 Moliets, ne manquez pas de go\u00fbter :<\/p>\n<ul>\n<li>Les produits de la mer : hu\u00eetres, moules, poissons&#8230;<\/li>\n<li>Les sp\u00e9cialit\u00e9s locales : le foie gras, les confits de canard, l&rsquo;aspic de l\u00e9gumes.<\/li>\n<li>Les vins : les vins sont \u00e0 port\u00e9e de main.<\/li>\n<\/ul>\n<h2>Conseils pratiques<\/h2>\n<p>Vous pr\u00e9voyez de s\u00e9journer \u00e0 Moliets,<\/p>\n<ul>\n<li>R\u00e9servez un peu plus t\u00f4t : surtout en haute saison, les h\u00e9bergements et les activit\u00e9s se r\u00e9servent rapidement.<\/li>\n<li>Pensez \u00e0 l&rsquo;\u00e9quipement : maillot de bain, cr\u00e8me solaire, chapeau, lunettes de soleil, chaussures de marche&#8230;<\/li>\n<li>Pr\u00e9voyez un budget : les prix peuvent varier en fonction de la p\u00e9riode et de vos choix.<\/li>\n<li>Informez-vous sur les \u00e9v\u00e9nements : Moliets organise r\u00e9guli\u00e8rement des \u00e9v\u00e9nements sportifs, culturels et festifs.<\/li>\n<\/ul>\n<p>Moliets est une destination id\u00e9ale pour des vacances r\u00e9ussies en famille ou entre amis. Que vous soyez \u00e0 la recherche de farniente, de sensations fortes ou de d\u00e9couvertes culturelles, vous trouverez votre bonheur dans cette charmante station baln\u00e9aire.<\/p>\n","protected":false},"excerpt":{"rendered":"<p>Moliets-et-Maa, cette petite perle des Landes, vous tend les bras pour des vacances inoubliables, que ce soit en famille, entre amis ou m\u00eame en solo. Entre plages immenses, for\u00eats de pins et activit\u00e9s vari\u00e9es, vous ne risquez pas de vous ennuyer. Mais comment organiser au mieux votre s\u00e9jour dans cette magnifique ville ? Voici nos [&hellip;]<\/p>\n","protected":false},"author":2,"featured_media":6482,"comment_status":"open","ping_status":"open","sticky":false,"template":"","format":"standard","meta":{"_et_pb_use_builder":"","_et_pb_old_content":"","_et_gb_content_width":"","footnotes":""},"categories":[1],"tags":[],"class_list":["post-6481","post","type-post","status-publish","format-standard","has-post-thumbnail","hentry","category-non-classe"],"yoast_head":"<!-- This site is optimized with the Yoast SEO plugin v25.4 - https:\/\/yoast.com\/wordpress\/plugins\/seo\/ -->\n<title>Comment organiser ses vacances \u00e0 Moliets et passer un s\u00e9jour inoubliable dans la ville ? - Com&#039;Landes<\/title>\n<meta name=\"robots\" content=\"index, follow, max-snippet:-1, max-image-preview:large, max-video-preview:-1\" \/>\n<link rel=\"canonical\" href=\"https:\/\/comlandes.fr\/fr_fr\/comment-organiser-ses-vacances-a-moliets-et-passer-un-sejour-inoubliable-dans-la-ville\/\" \/>\n<meta property=\"og:locale\" content=\"fr_FR\" \/>\n<meta property=\"og:type\" content=\"article\" \/>\n<meta property=\"og:title\" content=\"Comment organiser ses vacances \u00e0 Moliets et passer un s\u00e9jour inoubliable dans la ville ? - Com&#039;Landes\" \/>\n<meta property=\"og:description\" content=\"Moliets-et-Maa, cette petite perle des Landes, vous tend les bras pour des vacances inoubliables, que ce soit en famille, entre amis ou m\u00eame en solo. Entre plages immenses, for\u00eats de pins et activit\u00e9s vari\u00e9es, vous ne risquez pas de vous ennuyer. Mais comment organiser au mieux votre s\u00e9jour dans cette magnifique ville ? Voici nos [&hellip;]\" \/>\n<meta property=\"og:url\" content=\"https:\/\/comlandes.fr\/fr_fr\/comment-organiser-ses-vacances-a-moliets-et-passer-un-sejour-inoubliable-dans-la-ville\/\" \/>\n<meta property=\"og:site_name\" content=\"Com&#039;Landes\" \/>\n<meta property=\"article:publisher\" content=\"https:\/\/web.facebook.com\/ComLandes?_rdc=1&amp;_rdr\" \/>\n<meta property=\"article:published_time\" content=\"2024-08-07T08:12:37+00:00\" \/>\n<meta property=\"og:image\" content=\"https:\/\/comlandes.fr\/wp-content\/uploads\/2024\/08\/IMG-20240729-WA0062.jpg\" \/>\n\t<meta property=\"og:image:width\" content=\"1600\" \/>\n\t<meta property=\"og:image:height\" content=\"1204\" \/>\n\t<meta property=\"og:image:type\" content=\"image\/jpeg\" \/>\n<meta name=\"author\" content=\"comlandes_admin\" \/>\n<meta name=\"twitter:card\" content=\"summary_large_image\" \/>\n<meta name=\"twitter:label1\" content=\"\u00c9crit par\" \/>\n\t<meta name=\"twitter:data1\" content=\"comlandes_admin\" \/>\n\t<meta name=\"twitter:label2\" content=\"Dur\u00e9e de lecture estim\u00e9e\" \/>\n\t<meta name=\"twitter:data2\" content=\"3 minutes\" \/>\n<script type=\"application\/ld+json\" class=\"yoast-schema-graph\">{\"@context\":\"https:\/\/schema.org\",\"@graph\":[{\"@type\":\"Article\",\"@id\":\"https:\/\/comlandes.fr\/comment-organiser-ses-vacances-a-moliets-et-passer-un-sejour-inoubliable-dans-la-ville\/#article\",\"isPartOf\":{\"@id\":\"https:\/\/comlandes.fr\/comment-organiser-ses-vacances-a-moliets-et-passer-un-sejour-inoubliable-dans-la-ville\/\"},\"author\":{\"name\":\"comlandes_admin\",\"@id\":\"https:\/\/comlandes.fr\/fr_fr\/#\/schema\/person\/42b403d1948d83e007823c3fb439f24e\"},\"headline\":\"Comment organiser ses vacances \u00e0 Moliets et passer un s\u00e9jour inoubliable dans la ville ?\",\"datePublished\":\"2024-08-07T08:12:37+00:00\",\"mainEntityOfPage\":{\"@id\":\"https:\/\/comlandes.fr\/comment-organiser-ses-vacances-a-moliets-et-passer-un-sejour-inoubliable-dans-la-ville\/\"},\"wordCount\":627,\"commentCount\":0,\"publisher\":{\"@id\":\"https:\/\/comlandes.fr\/fr_fr\/#organization\"},\"image\":{\"@id\":\"https:\/\/comlandes.fr\/comment-organiser-ses-vacances-a-moliets-et-passer-un-sejour-inoubliable-dans-la-ville\/#primaryimage\"},\"thumbnailUrl\":\"https:\/\/comlandes.fr\/wp-content\/uploads\/2024\/08\/IMG-20240729-WA0062.jpg\",\"inLanguage\":\"fr-FR\",\"potentialAction\":[{\"@type\":\"CommentAction\",\"name\":\"Comment\",\"target\":[\"https:\/\/comlandes.fr\/comment-organiser-ses-vacances-a-moliets-et-passer-un-sejour-inoubliable-dans-la-ville\/#respond\"]}]},{\"@type\":\"WebPage\",\"@id\":\"https:\/\/comlandes.fr\/comment-organiser-ses-vacances-a-moliets-et-passer-un-sejour-inoubliable-dans-la-ville\/\",\"url\":\"https:\/\/comlandes.fr\/comment-organiser-ses-vacances-a-moliets-et-passer-un-sejour-inoubliable-dans-la-ville\/\",\"name\":\"Comment organiser ses vacances \u00e0 Moliets et passer un s\u00e9jour inoubliable dans la ville ? - Com&#039;Landes\",\"isPartOf\":{\"@id\":\"https:\/\/comlandes.fr\/fr_fr\/#website\"},\"primaryImageOfPage\":{\"@id\":\"https:\/\/comlandes.fr\/comment-organiser-ses-vacances-a-moliets-et-passer-un-sejour-inoubliable-dans-la-ville\/#primaryimage\"},\"image\":{\"@id\":\"https:\/\/comlandes.fr\/comment-organiser-ses-vacances-a-moliets-et-passer-un-sejour-inoubliable-dans-la-ville\/#primaryimage\"},\"thumbnailUrl\":\"https:\/\/comlandes.fr\/wp-content\/uploads\/2024\/08\/IMG-20240729-WA0062.jpg\",\"datePublished\":\"2024-08-07T08:12:37+00:00\",\"breadcrumb\":{\"@id\":\"https:\/\/comlandes.fr\/comment-organiser-ses-vacances-a-moliets-et-passer-un-sejour-inoubliable-dans-la-ville\/#breadcrumb\"},\"inLanguage\":\"fr-FR\",\"potentialAction\":[{\"@type\":\"ReadAction\",\"target\":[\"https:\/\/comlandes.fr\/comment-organiser-ses-vacances-a-moliets-et-passer-un-sejour-inoubliable-dans-la-ville\/\"]}]},{\"@type\":\"ImageObject\",\"inLanguage\":\"fr-FR\",\"@id\":\"https:\/\/comlandes.fr\/comment-organiser-ses-vacances-a-moliets-et-passer-un-sejour-inoubliable-dans-la-ville\/#primaryimage\",\"url\":\"https:\/\/comlandes.fr\/wp-content\/uploads\/2024\/08\/IMG-20240729-WA0062.jpg\",\"contentUrl\":\"https:\/\/comlandes.fr\/wp-content\/uploads\/2024\/08\/IMG-20240729-WA0062.jpg\",\"width\":1600,\"height\":1204},{\"@type\":\"BreadcrumbList\",\"@id\":\"https:\/\/comlandes.fr\/comment-organiser-ses-vacances-a-moliets-et-passer-un-sejour-inoubliable-dans-la-ville\/#breadcrumb\",\"itemListElement\":[{\"@type\":\"ListItem\",\"position\":1,\"name\":\"Accueil\",\"item\":\"https:\/\/comlandes.fr\/fr_fr\/\"},{\"@type\":\"ListItem\",\"position\":2,\"name\":\"Comment organiser ses vacances \u00e0 Moliets et passer un s\u00e9jour inoubliable dans la ville ?\"}]},{\"@type\":\"WebSite\",\"@id\":\"https:\/\/comlandes.fr\/fr_fr\/#website\",\"url\":\"https:\/\/comlandes.fr\/fr_fr\/\",\"name\":\"Com'Landes\",\"description\":\"Nous organisons des \u00e9v\u00e9nements &amp; animations\",\"publisher\":{\"@id\":\"https:\/\/comlandes.fr\/fr_fr\/#organization\"},\"potentialAction\":[{\"@type\":\"SearchAction\",\"target\":{\"@type\":\"EntryPoint\",\"urlTemplate\":\"https:\/\/comlandes.fr\/fr_fr\/?s={search_term_string}\"},\"query-input\":{\"@type\":\"PropertyValueSpecification\",\"valueRequired\":true,\"valueName\":\"search_term_string\"}}],\"inLanguage\":\"fr-FR\"},{\"@type\":\"Organization\",\"@id\":\"https:\/\/comlandes.fr\/fr_fr\/#organization\",\"name\":\"Com'Landes\",\"url\":\"https:\/\/comlandes.fr\/fr_fr\/\",\"logo\":{\"@type\":\"ImageObject\",\"inLanguage\":\"fr-FR\",\"@id\":\"https:\/\/comlandes.fr\/fr_fr\/#\/schema\/logo\/image\/\",\"url\":\"https:\/\/comlandes.fr\/wp-content\/uploads\/2024\/04\/logo-comlandes.png\",\"contentUrl\":\"https:\/\/comlandes.fr\/wp-content\/uploads\/2024\/04\/logo-comlandes.png\",\"width\":512,\"height\":343,\"caption\":\"Com'Landes\"},\"image\":{\"@id\":\"https:\/\/comlandes.fr\/fr_fr\/#\/schema\/logo\/image\/\"},\"sameAs\":[\"https:\/\/web.facebook.com\/ComLandes?_rdc=1&_rdr\",\"https:\/\/www.instagram.com\/comlandesasso\/\",\"https:\/\/www.tiktok.com\/@com.landes?_t=8lW4JFzISlK&_r=1\"]},{\"@type\":\"Person\",\"@id\":\"https:\/\/comlandes.fr\/fr_fr\/#\/schema\/person\/42b403d1948d83e007823c3fb439f24e\",\"name\":\"comlandes_admin\",\"image\":{\"@type\":\"ImageObject\",\"inLanguage\":\"fr-FR\",\"@id\":\"https:\/\/comlandes.fr\/fr_fr\/#\/schema\/person\/image\/\",\"url\":\"https:\/\/secure.gravatar.com\/avatar\/f3eae26b8ba1dacfb3372f1a53819838c977ae0c21609b048573d05c75a783fb?s=96&d=mm&r=g\",\"contentUrl\":\"https:\/\/secure.gravatar.com\/avatar\/f3eae26b8ba1dacfb3372f1a53819838c977ae0c21609b048573d05c75a783fb?s=96&d=mm&r=g\",\"caption\":\"comlandes_admin\"},\"url\":\"https:\/\/comlandes.fr\/fr_fr\/author\/comlandes_admin\/\"}]}<\/script>\n<!-- \/ Yoast SEO plugin. -->","yoast_head_json":{"title":"Comment organiser ses vacances \u00e0 Moliets et passer un s\u00e9jour inoubliable dans la ville ? - Com&#039;Landes","robots":{"index":"index","follow":"follow","max-snippet":"max-snippet:-1","max-image-preview":"max-image-preview:large","max-video-preview":"max-video-preview:-1"},"canonical":"https:\/\/comlandes.fr\/fr_fr\/comment-organiser-ses-vacances-a-moliets-et-passer-un-sejour-inoubliable-dans-la-ville\/","og_locale":"fr_FR","og_type":"article","og_title":"Comment organiser ses vacances \u00e0 Moliets et passer un s\u00e9jour inoubliable dans la ville ? - Com&#039;Landes","og_description":"Moliets-et-Maa, cette petite perle des Landes, vous tend les bras pour des vacances inoubliables, que ce soit en famille, entre amis ou m\u00eame en solo. Entre plages immenses, for\u00eats de pins et activit\u00e9s vari\u00e9es, vous ne risquez pas de vous ennuyer. Mais comment organiser au mieux votre s\u00e9jour dans cette magnifique ville ? Voici nos [&hellip;]","og_url":"https:\/\/comlandes.fr\/fr_fr\/comment-organiser-ses-vacances-a-moliets-et-passer-un-sejour-inoubliable-dans-la-ville\/","og_site_name":"Com&#039;Landes","article_publisher":"https:\/\/web.facebook.com\/ComLandes?_rdc=1&_rdr","article_published_time":"2024-08-07T08:12:37+00:00","og_image":[{"width":1600,"height":1204,"url":"https:\/\/comlandes.fr\/wp-content\/uploads\/2024\/08\/IMG-20240729-WA0062.jpg","type":"image\/jpeg"}],"author":"comlandes_admin","twitter_card":"summary_large_image","twitter_misc":{"\u00c9crit par":"comlandes_admin","Dur\u00e9e de lecture estim\u00e9e":"3 minutes"},"schema":{"@context":"https:\/\/schema.org","@graph":[{"@type":"Article","@id":"https:\/\/comlandes.fr\/comment-organiser-ses-vacances-a-moliets-et-passer-un-sejour-inoubliable-dans-la-ville\/#article","isPartOf":{"@id":"https:\/\/comlandes.fr\/comment-organiser-ses-vacances-a-moliets-et-passer-un-sejour-inoubliable-dans-la-ville\/"},"author":{"name":"comlandes_admin","@id":"https:\/\/comlandes.fr\/fr_fr\/#\/schema\/person\/42b403d1948d83e007823c3fb439f24e"},"headline":"Comment organiser ses vacances \u00e0 Moliets et passer un s\u00e9jour inoubliable dans la ville ?","datePublished":"2024-08-07T08:12:37+00:00","mainEntityOfPage":{"@id":"https:\/\/comlandes.fr\/comment-organiser-ses-vacances-a-moliets-et-passer-un-sejour-inoubliable-dans-la-ville\/"},"wordCount":627,"commentCount":0,"publisher":{"@id":"https:\/\/comlandes.fr\/fr_fr\/#organization"},"image":{"@id":"https:\/\/comlandes.fr\/comment-organiser-ses-vacances-a-moliets-et-passer-un-sejour-inoubliable-dans-la-ville\/#primaryimage"},"thumbnailUrl":"https:\/\/comlandes.fr\/wp-content\/uploads\/2024\/08\/IMG-20240729-WA0062.jpg","inLanguage":"fr-FR","potentialAction":[{"@type":"CommentAction","name":"Comment","target":["https:\/\/comlandes.fr\/comment-organiser-ses-vacances-a-moliets-et-passer-un-sejour-inoubliable-dans-la-ville\/#respond"]}]},{"@type":"WebPage","@id":"https:\/\/comlandes.fr\/comment-organiser-ses-vacances-a-moliets-et-passer-un-sejour-inoubliable-dans-la-ville\/","url":"https:\/\/comlandes.fr\/comment-organiser-ses-vacances-a-moliets-et-passer-un-sejour-inoubliable-dans-la-ville\/","name":"Comment organiser ses vacances \u00e0 Moliets et passer un s\u00e9jour inoubliable dans la ville ? - Com&#039;Landes","isPartOf":{"@id":"https:\/\/comlandes.fr\/fr_fr\/#website"},"primaryImageOfPage":{"@id":"https:\/\/comlandes.fr\/comment-organiser-ses-vacances-a-moliets-et-passer-un-sejour-inoubliable-dans-la-ville\/#primaryimage"},"image":{"@id":"https:\/\/comlandes.fr\/comment-organiser-ses-vacances-a-moliets-et-passer-un-sejour-inoubliable-dans-la-ville\/#primaryimage"},"thumbnailUrl":"https:\/\/comlandes.fr\/wp-content\/uploads\/2024\/08\/IMG-20240729-WA0062.jpg","datePublished":"2024-08-07T08:12:37+00:00","breadcrumb":{"@id":"https:\/\/comlandes.fr\/comment-organiser-ses-vacances-a-moliets-et-passer-un-sejour-inoubliable-dans-la-ville\/#breadcrumb"},"inLanguage":"fr-FR","potentialAction":[{"@type":"ReadAction","target":["https:\/\/comlandes.fr\/comment-organiser-ses-vacances-a-moliets-et-passer-un-sejour-inoubliable-dans-la-ville\/"]}]},{"@type":"ImageObject","inLanguage":"fr-FR","@id":"https:\/\/comlandes.fr\/comment-organiser-ses-vacances-a-moliets-et-passer-un-sejour-inoubliable-dans-la-ville\/#primaryimage","url":"https:\/\/comlandes.fr\/wp-content\/uploads\/2024\/08\/IMG-20240729-WA0062.jpg","contentUrl":"https:\/\/comlandes.fr\/wp-content\/uploads\/2024\/08\/IMG-20240729-WA0062.jpg","width":1600,"height":1204},{"@type":"BreadcrumbList","@id":"https:\/\/comlandes.fr\/comment-organiser-ses-vacances-a-moliets-et-passer-un-sejour-inoubliable-dans-la-ville\/#breadcrumb","itemListElement":[{"@type":"ListItem","position":1,"name":"Accueil","item":"https:\/\/comlandes.fr\/fr_fr\/"},{"@type":"ListItem","position":2,"name":"Comment organiser ses vacances \u00e0 Moliets et passer un s\u00e9jour inoubliable dans la ville ?"}]},{"@type":"WebSite","@id":"https:\/\/comlandes.fr\/fr_fr\/#website","url":"https:\/\/comlandes.fr\/fr_fr\/","name":"Com'Landes","description":"Nous organisons des \u00e9v\u00e9nements &amp; animations","publisher":{"@id":"https:\/\/comlandes.fr\/fr_fr\/#organization"},"potentialAction":[{"@type":"SearchAction","target":{"@type":"EntryPoint","urlTemplate":"https:\/\/comlandes.fr\/fr_fr\/?s={search_term_string}"},"query-input":{"@type":"PropertyValueSpecification","valueRequired":true,"valueName":"search_term_string"}}],"inLanguage":"fr-FR"},{"@type":"Organization","@id":"https:\/\/comlandes.fr\/fr_fr\/#organization","name":"Com'Landes","url":"https:\/\/comlandes.fr\/fr_fr\/","logo":{"@type":"ImageObject","inLanguage":"fr-FR","@id":"https:\/\/comlandes.fr\/fr_fr\/#\/schema\/logo\/image\/","url":"https:\/\/comlandes.fr\/wp-content\/uploads\/2024\/04\/logo-comlandes.png","contentUrl":"https:\/\/comlandes.fr\/wp-content\/uploads\/2024\/04\/logo-comlandes.png","width":512,"height":343,"caption":"Com'Landes"},"image":{"@id":"https:\/\/comlandes.fr\/fr_fr\/#\/schema\/logo\/image\/"},"sameAs":["https:\/\/web.facebook.com\/ComLandes?_rdc=1&_rdr","https:\/\/www.instagram.com\/comlandesasso\/","https:\/\/www.tiktok.com\/@com.landes?_t=8lW4JFzISlK&_r=1"]},{"@type":"Person","@id":"https:\/\/comlandes.fr\/fr_fr\/#\/schema\/person\/42b403d1948d83e007823c3fb439f24e","name":"comlandes_admin","image":{"@type":"ImageObject","inLanguage":"fr-FR","@id":"https:\/\/comlandes.fr\/fr_fr\/#\/schema\/person\/image\/","url":"https:\/\/secure.gravatar.com\/avatar\/f3eae26b8ba1dacfb3372f1a53819838c977ae0c21609b048573d05c75a783fb?s=96&d=mm&r=g","contentUrl":"https:\/\/secure.gravatar.com\/avatar\/f3eae26b8ba1dacfb3372f1a53819838c977ae0c21609b048573d05c75a783fb?s=96&d=mm&r=g","caption":"comlandes_admin"},"url":"https:\/\/comlandes.fr\/fr_fr\/author\/comlandes_admin\/"}]}},"_links":{"self":[{"href":"https:\/\/comlandes.fr\/fr_fr\/wp-json\/wp\/v2\/posts\/6481","targetHints":{"allow":["GET"]}}],"collection":[{"href":"https:\/\/comlandes.fr\/fr_fr\/wp-json\/wp\/v2\/posts"}],"about":[{"href":"https:\/\/comlandes.fr\/fr_fr\/wp-json\/wp\/v2\/types\/post"}],"author":[{"embeddable":true,"href":"https:\/\/comlandes.fr\/fr_fr\/wp-json\/wp\/v2\/users\/2"}],"replies":[{"embeddable":true,"href":"https:\/\/comlandes.fr\/fr_fr\/wp-json\/wp\/v2\/comments?post=6481"}],"version-history":[{"count":0,"href":"https:\/\/comlandes.fr\/fr_fr\/wp-json\/wp\/v2\/posts\/6481\/revisions"}],"wp:featuredmedia":[{"embeddable":true,"href":"https:\/\/comlandes.fr\/fr_fr\/wp-json\/wp\/v2\/media\/6482"}],"wp:attachment":[{"href":"https:\/\/comlandes.fr\/fr_fr\/wp-json\/wp\/v2\/media?parent=6481"}],"wp:term":[{"taxonomy":"category","embeddable":true,"href":"https:\/\/comlandes.fr\/fr_fr\/wp-json\/wp\/v2\/categories?post=6481"},{"taxonomy":"post_tag","embeddable":true,"href":"https:\/\/comlandes.fr\/fr_fr\/wp-json\/wp\/v2\/tags?post=6481"}],"curies":[{"name":"wp","href":"https:\/\/api.w.org\/{rel}","templated":true}]}}